{"id":9682,"date":"2019-09-16T18:51:35","date_gmt":"2019-09-16T21:51:35","guid":{"rendered":"https:\/\/www.guiaviagensbrasil.com\/blog\/?p=9682"},"modified":"2020-12-27T16:20:27","modified_gmt":"2020-12-27T19:20:27","slug":"festas-de-outubro-em-santa-catarina","status":"publish","type":"post","link":"https:\/\/www.guiaviagensbrasil.com\/blog\/festas-de-outubro-em-santa-catarina\/","title":{"rendered":"Festas de Outubro em Santa Catarina"},"content":{"rendered":"\n\n<div class=\"kk-star-ratings kksr-auto kksr-align-left kksr-valign-top\"\n    data-payload='{&quot;align&quot;:&quot;left&quot;,&quot;id&quot;:&quot;9682&quot;,&quot;slug&quot;:&quot;default&quot;,&quot;valign&quot;:&quot;top&quot;,&quot;ignore&quot;:&quot;&quot;,&quot;reference&quot;:&quot;auto&quot;,&quot;class&quot;:&quot;&quot;,&quot;count&quot;:&quot;0&quot;,&quot;legendonly&quot;:&quot;&quot;,&quot;readonly&quot;:&quot;&quot;,&quot;score&quot;:&quot;0&quot;,&quot;starsonly&quot;:&quot;&quot;,&quot;best&quot;:&quot;5&quot;,&quot;gap&quot;:&quot;4&quot;,&quot;greet&quot;:&quot;Avalie este artigo&quot;,&quot;legend&quot;:&quot;0\\\/5 - (0 votes)&quot;,&quot;size&quot;:&quot;24&quot;,&quot;title&quot;:&quot;Festas de Outubro em Santa Catarina&quot;,&quot;width&quot;:&quot;0&quot;,&quot;_legend&quot;:&quot;{score}\\\/{best} - ({count} {votes})&quot;,&quot;font_factor&quot;:&quot;1.25&quot;}'>\n            \n<div class=\"kksr-stars\">\n    \n<div class=\"kksr-stars-inactive\">\n            <div class=\"kksr-star\" data-star=\"1\" style=\"padding-right: 4px\">\n            \n\n<div class=\"kksr-icon\" style=\"width: 24px; height: 24px;\"><\/div>\n        <\/div>\n            <div class=\"kksr-star\" data-star=\"2\" style=\"padding-right: 4px\">\n            \n\n<div class=\"kksr-icon\" style=\"width: 24px; height: 24px;\"><\/div>\n        <\/div>\n            <div class=\"kksr-star\" data-star=\"3\" style=\"padding-right: 4px\">\n            \n\n<div class=\"kksr-icon\" style=\"width: 24px; height: 24px;\"><\/div>\n        <\/div>\n            <div class=\"kksr-star\" data-star=\"4\" style=\"padding-right: 4px\">\n            \n\n<div class=\"kksr-icon\" style=\"width: 24px; height: 24px;\"><\/div>\n        <\/div>\n            <div class=\"kksr-star\" data-star=\"5\" style=\"padding-right: 4px\">\n            \n\n<div class=\"kksr-icon\" style=\"width: 24px; height: 24px;\"><\/div>\n        <\/div>\n    <\/div>\n    \n<div class=\"kksr-stars-active\" style=\"width: 0px;\">\n            <div class=\"kksr-star\" style=\"padding-right: 4px\">\n            \n\n<div class=\"kksr-icon\" style=\"width: 24px; height: 24px;\"><\/div>\n        <\/div>\n            <div class=\"kksr-star\" style=\"padding-right: 4px\">\n            \n\n<div class=\"kksr-icon\" style=\"width: 24px; height: 24px;\"><\/div>\n        <\/div>\n            <div class=\"kksr-star\" style=\"padding-right: 4px\">\n            \n\n<div class=\"kksr-icon\" style=\"width: 24px; height: 24px;\"><\/div>\n        <\/div>\n            <div class=\"kksr-star\" style=\"padding-right: 4px\">\n            \n\n<div class=\"kksr-icon\" style=\"width: 24px; height: 24px;\"><\/div>\n        <\/div>\n            <div class=\"kksr-star\" style=\"padding-right: 4px\">\n            \n\n<div class=\"kksr-icon\" style=\"width: 24px; height: 24px;\"><\/div>\n        <\/div>\n    <\/div>\n<\/div>\n                \n\n<div class=\"kksr-legend\" style=\"font-size: 19.2px;\">\n            <span class=\"kksr-muted\">Avalie este artigo<\/span>\n    <\/div>\n    <\/div>\n<p>As festas de outubro em Santa Catarina movimentam o estado inteiro e fazem do destino um dos mais procurados por brasileiros e estrangeiros.<\/p>\n<p>Esse \u00e9 chamado o M\u00eas das Tradi\u00e7\u00f5es, visto que as col\u00f4nias de imigrantes trazem um pouco das suas culturas, hist\u00f3ria e gastronomia para n\u00f3s.<\/p>\n<p>Quem n\u00e3o \u00e9 catarinense, certamente, j\u00e1 ouviu falar na Oktoberfest de Blumenau ou na Festa Pomerana de Pomerode ou na Fenaostra de Florian\u00f3polis.<\/p>\n<p>Ao todo s\u00e3o 13 festas que acontecem esse m\u00eas e n\u00f3s contamos tudo o que voc\u00ea precisa saber para curtir cada uma delas! D\u00e1 uma conferida abaixo!<\/p>\n<div class=\"btn-wrap\">\n<p><a class=\"btn\" href=\"https:\/\/www.guiaviagensbrasil.com\/sc\/onde-se-hospedar-em-florianopolis\/\" target=\"_blank\" rel=\"noopener\">Reserve seu Hotel em Florian\u00f3polis<\/a><\/p>\n<div id=\"attachment_5079\" style=\"width: 543px\" class=\"wp-caption aligncenter\"><img loading=\"lazy\" decoding=\"async\" aria-describedby=\"caption-attachment-5079\" class=\"wp-image-5079 size-full\" src=\"https:\/\/www.guiaviagensbrasil.com\/blog\/wp-content\/uploads\/2016\/10\/carro-alegorico-desfile-oktoberfest.jpg\" alt=\"\" width=\"533\" height=\"800\" srcset=\"https:\/\/www.guiaviagensbrasil.com\/blog\/wp-content\/uploads\/2016\/10\/carro-alegorico-desfile-oktoberfest.jpg 533w, https:\/\/www.guiaviagensbrasil.com\/blog\/wp-content\/uploads\/2016\/10\/carro-alegorico-desfile-oktoberfest-200x300.jpg 200w\" sizes=\"auto, (max-width: 533px) 100vw, 533px\" \/><p id=\"caption-attachment-5079\" class=\"wp-caption-text\">A Oktoberfest \u00e9 uma das festas de tradi\u00e7\u00e3o alem\u00e3 mais conhecida do Brasil. Foto: Ricardo J\u00fanior<\/p><\/div>\n<h2>Oktoberfest \u2013 Itapiranga (05 a 20 de outubro)<\/h2>\n<p>Os moradores de Itapiranga gostam sempre de lembrar que esta foi a primeira Oktoberfest do Brasil. Completando as 41 edi\u00e7\u00f5es agora em 2019, a festa da cerveja traz mais do folclore, gastronomia e claro, da cerveja alem\u00e3.<\/p>\n<p>Al\u00e9m da feira que acontece durante os dias da Oktoberfest, os visitantes ainda curtir\u00e3o o Concurso de Opa e Oma, baile com bandas t\u00edpicas alem\u00e3s e at\u00e9 uma missa com corais da col\u00f4nia de imigrantes.<\/p>\n<p>Saiba mais da Oktoberfest 2019 de Itapiranga.<\/p>\n<ul>\n<li><strong>Cidade<\/strong>: Itapiranga \u2013 SC<\/li>\n<li><strong>Quando<\/strong>: 05 a 20 de outubro de 2019.<\/li>\n<li><strong>Endere\u00e7o<\/strong>: Complexo Oktober. Rua Erasmo L Melo, 160-246<\/li>\n<li><strong>Entrada<\/strong>: a partir de R$ 38,00.<\/li>\n<\/ul>\n<blockquote><p><strong><a href=\"http:\/\/www.oktoberfestitapiranga.com.br\/\">Acesse o site da Oktoberfest de Itapiranga e saiba mais sobre a festa<\/a><\/strong><\/p><\/blockquote>\n<h2>Sch\u00fctzenfest \u2013 Jaragu\u00e1 do Sul (07 a 17 de outubro)<\/h2>\n<p>Sch\u00fctzenfest \u00e9 a famosa Festa dos Atiradores, que em 2019 completa 31 anos. Este \u00e9 considerado o maior evento de atiradores de ca\u00e7a do Brasil e faz parte das festas tradicionais de Santa Catarina.<\/p>\n<blockquote><p><strong><a href=\"https:\/\/www.google.com\/url?client=internal-uds-cse&amp;cx=partner-pub-4069190785131529:4607966297&amp;q=https:\/\/www.guiaviagensbrasil.com\/blog\/rota-da-cerveja-no-vale-do-itajai-sc-o-que-voce-precisa-saber-antes-de-ir\/&amp;sa=U&amp;ved=2ahUKEwiBy_Gqnp_lAhV0F7kGHTNRBl0QFjAAegQIARAC&amp;usg=AOvVaw0GTX4Kq-U5VvIZeQ49O40b\">Aproveite e descubra o que fazer na Rota da Cerveja no Vale do Itaja\u00ed (SC)<\/a><\/strong><\/p><\/blockquote>\n<p>Diferente de outras festas desta lista, a Festa dos Atiradores atrai um p\u00fablico bastante restrito, o que a torna menos conhecida. No entanto, quem deseja descobrir uma nova paix\u00e3o e tamb\u00e9m conhecer mais da cultura e folclore alem\u00e3o, pode passar por Jaragu\u00e1 do Sul nos dias de festa.<\/p>\n<p>Saiba mais da Sch\u00fctzenfest 2019.<\/p>\n<ul>\n<li><strong>Cidade<\/strong>: Jaragu\u00e1 do Sul \u2013 SC<\/li>\n<li><strong>Quando<\/strong>: 07 a 17 de outubro de 2019.<\/li>\n<li><strong>Endere\u00e7o<\/strong>: Rua Walter Marquardt, 910, Barra do Rio Molha.<\/li>\n<li><strong>Entrada<\/strong>: consultas pelo telefone (47) 3370 9795.<\/li>\n<\/ul>\n<blockquote><p><strong><a href=\"https:\/\/www.facebook.com\/OficialSchutzenfest\">\u00a0Acesse a p\u00e1gina da Festa dos Atiradores no Facebook e descubra mais sobre a festa<\/a><\/strong><\/p><\/blockquote>\n<h2>Marejada \u2013 Itaja\u00ed (08 a 20 de outubro)<\/h2>\n<p>Durante 13 dias da festa Marejada, Itaja\u00ed apresenta uma mistura de ritmos e tradi\u00e7\u00f5es. Ao todo ser\u00e3o mais de 100 bandas em 2019, variando entre o pop, sertanejo, samba, hip hop, pagode, chorinho, forr\u00f3, reggae, jazz e muito mais. A Marejada \u00e9 considerada a principal festa art\u00edstico-cultural de Santa Catarina.<\/p>\n<div id=\"attachment_3287\" style=\"width: 543px\" class=\"wp-caption aligncenter\"><img loading=\"lazy\" decoding=\"async\" aria-describedby=\"caption-attachment-3287\" class=\"wp-image-3287 size-full\" src=\"https:\/\/www.guiaviagensbrasil.com\/blog\/wp-content\/uploads\/2015\/10\/fachada-mercado-publico-itajai-sc.jpg\" alt=\"\" width=\"533\" height=\"800\" srcset=\"https:\/\/www.guiaviagensbrasil.com\/blog\/wp-content\/uploads\/2015\/10\/fachada-mercado-publico-itajai-sc.jpg 533w, https:\/\/www.guiaviagensbrasil.com\/blog\/wp-content\/uploads\/2015\/10\/fachada-mercado-publico-itajai-sc-200x300.jpg 200w\" sizes=\"auto, (max-width: 533px) 100vw, 533px\" \/><p id=\"caption-attachment-3287\" class=\"wp-caption-text\">O Mercado P\u00fablico de Itaja\u00ed \u00e9 um ponto tur\u00edsitico que voc\u00ea pode conhecer durante a passagem pela cidade.<br \/>Foto: Ricardo J\u00fanior<\/p><\/div>\n<blockquote><p><strong><a href=\"https:\/\/www.guiaviagensbrasil.com\/sc\/itajai\/\">Descubra mais sobre Itaja\u00ed &#8211; SC<\/a><\/strong><\/p><\/blockquote>\n<p>Al\u00e9m da m\u00fasica, os participantes tamb\u00e9m ter\u00e3o acesso a uma variedade gastron\u00f4mica, com pratos \u00e0 base de frutos do mar. Foi exatamente dai que veio o nome Marejada, que significa uma pequena agita\u00e7\u00e3o das \u00e1guas, mas que n\u00e3o chegam a formar ondas.<\/p>\n<p>Saiba mais da Marejada 2019.<\/p>\n<ul>\n<li><strong>Cidade<\/strong>: Itaja\u00ed \u2013 SC<\/li>\n<li><strong>Quando<\/strong>: 08 a 20 de outubro de 2019.<\/li>\n<li><strong>Endere\u00e7o<\/strong>: Av Ministro Victor Konder.<\/li>\n<li><strong>Entrada<\/strong>: na bilheteria do evento.<\/li>\n<\/ul>\n<blockquote><p><strong><a href=\"https:\/\/www.facebook.com\/Marejadaoficial\/\">Veja mais informa\u00e7\u00f5es da Marejada atrav\u00e9s da p\u00e1gina do evento no Facebook<\/a><\/strong><\/p><\/blockquote>\n<h2>Oktoberfet \u2013 Blumenau (09 a 27\/10)<\/h2>\n<p>A Oktoberfest de <a href=\"https:\/\/www.guiaviagensbrasil.com\/sc\/blumenau\/\">Blumenau<\/a> \u00e9, com certeza, a mais conhecida do Brasil. \u00c9 tamb\u00e9m a que mais atrai turistas para o estado neste per\u00edodo de festas tradicionais.<\/p>\n<p>s\u00e3o 36 anos trazendo mais da cultura alem\u00e3, de uma forma bem acess\u00edvel e divertida. Como o pr\u00f3prio slogan da festa diz: \u201cUma festa tipicamente alem\u00e3, com a divers\u00e3o tipicamente brasileira\u201d.<\/p>\n<div id=\"attachment_5078\" style=\"width: 1210px\" class=\"wp-caption aligncenter\"><img loading=\"lazy\" decoding=\"async\" aria-describedby=\"caption-attachment-5078\" class=\"wp-image-5078 size-full\" src=\"https:\/\/www.guiaviagensbrasil.com\/blog\/wp-content\/uploads\/2016\/10\/banda-boktoberfest-blumenau-sc.jpg\" alt=\"\" width=\"1200\" height=\"800\" srcset=\"https:\/\/www.guiaviagensbrasil.com\/blog\/wp-content\/uploads\/2016\/10\/banda-boktoberfest-blumenau-sc.jpg 1200w, https:\/\/www.guiaviagensbrasil.com\/blog\/wp-content\/uploads\/2016\/10\/banda-boktoberfest-blumenau-sc-300x200.jpg 300w, https:\/\/www.guiaviagensbrasil.com\/blog\/wp-content\/uploads\/2016\/10\/banda-boktoberfest-blumenau-sc-1024x683.jpg 1024w\" sizes=\"auto, (max-width: 1200px) 100vw, 1200px\" \/><p id=\"caption-attachment-5078\" class=\"wp-caption-text\">A Oktoberfest de Blumenau \u00e9 a maior do pa\u00eds. Esta \u00e9 uma das festas de outubro em Santa Catarina mais tradicionais.\u00a0 Foto: Ricardo J\u00fanior.<\/p><\/div>\n<blockquote><p><strong><a href=\"https:\/\/www.guiaviagensbrasil.com\/hoteis-e-pousadas\/\">Reserve seu hotel em Blumenau &#8211; SC<\/a><\/strong><\/p><\/blockquote>\n<p>A Oktoberfest de Blumenau j\u00e1 se tornou uma grande mistura de tradi\u00e7\u00f5es e vale muito a pena conhecer. Ela acontece durante todo o m\u00eas e por ser bastante concorrida, indicamos que voc\u00ea se programe com bastante anteced\u00eancia.<\/p>\n<p>Saiba mais da Oktoberfest 2019.<\/p>\n<ul>\n<li><strong>Cidade<\/strong>: Blumenau \u2013 SC<\/li>\n<li><strong>Quando<\/strong>: 09 a 27 de outubro de 2019.<\/li>\n<li><strong>Endere\u00e7o<\/strong>: Parque Vila Germ\u00e2nica. Rua Alberto Stein, 199<\/li>\n<li><strong>Entrada<\/strong>: nas segunda-feiras, 1\u00ba e \u00faltimo dia de festa: entrada gratuita. Domingos, ter\u00e7as, quartas e quintas-feiras: R$16,00. Sextas-feiras: R$36,00 e aos S\u00e1bados: R$46,00<\/li>\n<\/ul>\n<blockquote><p><strong><a href=\"https:\/\/oktoberfestblumenau.com.br\/ingressos\/\">Saiba mais da Oktoberfest de Blumenau no site oficial do evento<\/a><\/strong><\/p><\/blockquote>\n<h2>Fenarreco \u2013 Brusque (10 a 20 de outubro)<\/h2>\n<p>A Festa Nacional do Marreco completa as suas 34 edi\u00e7\u00f5es em 2019 e \u00e9 considerada uma das festas gastron\u00f4micas mais famosa do Brasil.<\/p>\n<p>Realizado na cidade de Brusque, o evento tem como principal atra\u00e7\u00e3o o \u201cEnte mit Rotkohl\u201d ou Marreco Recheado com Repolho Roxo, que \u00e9 um prato t\u00edpico alem\u00e3o. Al\u00e9m da ave, o visitante tamb\u00e9m consegue experimentar outros petiscos alem\u00e3es, como o Eisben (joelho de porco), salsichas especiais, marreco crispy e algumas sobremesas deliciosas.<\/p>\n<blockquote><p><strong><a href=\"https:\/\/www.guiaviagensbrasil.com\/sc\/brusque\/\">Descubra mais atra\u00e7\u00f5es de Brusque &#8211; SC<\/a><\/strong><\/p><\/blockquote>\n<p>Al\u00e9m da comida, n\u00e3o pode faltar ao chope alem\u00e3o e o som nativo, que embala a col\u00f4nia de imigrantes do pa\u00eds. Voc\u00ea conhecer\u00e1 o verdadeiro chope pilsen, weiss (trigo), bock ou de vinho.<\/p>\n<p>Os participantes conhecer\u00e3o mais de 30 bandas de som nativo nos 11 dias de festa. Al\u00e9m de todas essas atra\u00e7\u00f5es, ainda h\u00e1 o desfile tem\u00e1tico.<\/p>\n<p>Saiba mais da Fenarreco 2019.<\/p>\n<ul>\n<li><strong>Cidade<\/strong>: Brusque \u2013 SC<\/li>\n<li><strong>Quando<\/strong>: 10 a 20 de outubro de 2019.<\/li>\n<li><strong>Endere\u00e7o<\/strong>: Pavilh\u00e3o de Eventos da Fenarreco. R. Gentil B Archer s\/n Centro 2.<\/li>\n<li><strong>Entrada<\/strong>: gratuita nos dias 10, 13, 14, 15 e 20. Nos demais dias: R$ 60,00. Idosos (acima de 60 anos), estudantes e pessoas com trajes t\u00edpicos: R$ 10,00<\/li>\n<\/ul>\n<blockquote><p><strong><a href=\"https:\/\/fenarreco.tur.br\/\">Acesse o site da Fenarreco e saiba mais sobre a festa<\/a><\/strong><\/p><\/blockquote>\n<h2>Festa do Produto Colonial \u2013 S\u00e3o Martinho (25 a 27\/10)<\/h2>\n<p>A Festa do Produto Colonial j\u00e1 acontece h\u00e1 26 anos e tamb\u00e9m traz um pouco da cultura e culin\u00e1ria alem\u00e3.<\/p>\n<p>Diferente de algumas festas desta lista, a Festa do Produto Colonial \u00e9 mais voltada para os pr\u00f3prios imigrantes. O evento visa melhorar a intera\u00e7\u00e3o entre as col\u00f4nias de todo o estado, assim como divulgar os produtos coloniais dos agricultores locais.<\/p>\n<div class=\"botoes_compartilhamento borda borda_azul\">\n<p style=\"text-align: center;\"><strong>Voc\u00ea est\u00e1 conferindo um guia pelas festas de outubro em Santa Catarina. Aproveite e compartilhe este conte\u00fado no Facebook e Twitter para seus amigos!<\/strong><\/p>\n<div style=\"text-align: center;\"><a href=\"http:\/\/www.facebook.com\/sharer.php?u=http:\/\/www.guiaviagensbrasil.com\/blog\/festas-de-outubro-em-santa-catarina\" target=\"_blank\" rel=\"noopener noreferrer\"><img decoding=\"async\" src=\"\/images\/botao-compartilhamento-facebook.png\" alt=\"Compartilhe no Facebook\" \/><\/a><a href=\"https:\/\/twitter.com\/intent\/tweet?text=9 Motivos para incluir Aracaju na sua lista de viagem http:\/\/www.guiaviagensbrasil.com\/blog\/festas-de-outubro-em-santa-catarina\" target=\"_blank\" rel=\"noopener noreferrer\"><img decoding=\"async\" src=\"\/images\/botao-compartilhamento-twitter.png\" alt=\"Compartilhe no Twitter\" \/><\/a><\/div>\n<\/div>\n<p>No entanto, este tamb\u00e9m \u00e9 um convite para quem quer embarcar completamente na cultura alem\u00e3, principalmente para aqueles que querem testar um pouco mais o idioma do pa\u00eds.<\/p>\n<p>Saiba mais da Festa do Produto Colonial 2019.<\/p>\n<ul>\n<li><strong>Cidade<\/strong>: S\u00e3o Martinho \u2013 SC<\/li>\n<li><strong>Quando<\/strong>: 25 a 27 de outubro de 2019.<\/li>\n<li><strong>Endere\u00e7o<\/strong>: Parque do Produto Colonial \u2013 Centro<\/li>\n<li><strong>Entrada<\/strong>: atrav\u00e9s do n\u00famero (48) 3645-6100.<\/li>\n<\/ul>\n<blockquote><p><strong><a href=\"https:\/\/www.facebook.com\/turismoeculturasaomartinhosc\/?ref=br_rs\">Acesse a p\u00e1gina do evento no Facebook e saiba mais sobre a festa<\/a><\/strong><\/p><\/blockquote>\n<h2>E a Oberlandfest?<\/h2>\n<p>A Oberlandfest saiu, em 2019, do calend\u00e1rio de festas de outubro em Santa Catarina, mas o evento foi confirmado para dezembro deste ano.<\/p>\n<p>O Grupo Oberland, que organiza a festa h\u00e1 29 anos, anunciou no in\u00edcio do m\u00eas de outubro que a renova\u00e7\u00e3o aconteceu devido algumas melhorias na programa\u00e7\u00e3o e calend\u00e1rio do evento.<\/p>\n<p>Rio Negrinho continua sendo a cidade escolhida para a Oberlandfest, que ser\u00e1 dia 8 de dezembro.<\/p>\n<p>A Oberlandfest tamb\u00e9m \u00e9 uma comemora\u00e7\u00e3o \u00e0s tradi\u00e7\u00f5es germ\u00e2nicas, organizada pela col\u00f4nia de imigrantes da cidade. H\u00e1 desfiles de grupos folcl\u00f3ricos e do bierwagen, bailes com trajes tem\u00e1ticos ao som de bandas t\u00edpicas, al\u00e9m de muito chope alem\u00e3o, acompanhado de petiscos tradicionais do pa\u00eds. No dia tamb\u00e9m s\u00e3o escolhidos o rei e a rainha da Oberlandfest, em uma cerim\u00f4nia pra l\u00e1 de especial.<\/p>\n<p>Saiba mais da Oberlandfest 2019.<\/p>\n<ul>\n<li><strong>Cidade<\/strong>: Rio Negrinho<\/li>\n<li><strong>Quando<\/strong>: 08 de dezembro de 2019.<\/li>\n<li><strong>Endere\u00e7o<\/strong>: No Pavilh\u00e3o dos Imigrantes de Rio Negrinho.<\/li>\n<li><strong>Entrada<\/strong>: ainda n\u00e3o foi divulgado pela organiza\u00e7\u00e3o do evento.<\/li>\n<\/ul>\n<p>A Oberlandfest n\u00e3o tem site ativo, mas informa\u00e7\u00f5es sobre a festa podem ser obtidas pelo email <a href=\"mailto:gfgoberlanfestm@hotmail.com\">gfgoberlanfestm@hotmail.com<\/a><\/p>\n<p>&nbsp;<\/p>\n<p>Gostou do nosso calend\u00e1rio de festas de outubro em Santa Catarina? Conhece algu\u00e9m que iria adorar participar destas comemora\u00e7\u00f5es? Ent\u00e3o compartilha este post em suas redes sociais!<\/p>\n<div class=\"botoes_compartilhamento borda borda_azul\">\n<p style=\"text-align: center;\"><strong>COMPARTILHE O CALEND\u00c1RIO DE FESTAS DE OUTUBRO EM SANTA CATARINA NO SEU FACEBOOK E TWITTER!<\/strong><\/p>\n<div style=\"text-align: center;\"><a href=\"http:\/\/www.facebook.com\/sharer.php?u=http:\/\/www.guiaviagensbrasil.com\/blog\/festas-de-outubro-em-santa-catarina\" target=\"_blank\" rel=\"noopener noreferrer\"><img decoding=\"async\" src=\"\/images\/botao-compartilhamento-facebook.png\" alt=\"Compartilhe no Facebook\" \/><\/a><a href=\"https:\/\/twitter.com\/intent\/tweet?text=9 Motivos para incluir Aracaju na sua lista de viagem http:\/\/www.guiaviagensbrasil.com\/blog\/festas-de-outubro-em-santa-catarina\" target=\"_blank\" rel=\"noopener noreferrer\"><img decoding=\"async\" src=\"\/images\/botao-compartilhamento-twitter.png\" alt=\"Compartilhe no Twitter\" \/><\/a><\/div>\n<\/div>\n<\/div>\n","protected":false},"excerpt":{"rendered":"<p>As festas de outubro em Santa Catarina movimentam o estado inteiro e fazem do destino um dos mais procurados por brasileiros e estrangeiros. Esse \u00e9 chamado o M\u00eas das Tradi\u00e7\u00f5es, visto que as col\u00f4nias de imigrantes trazem um pouco das suas culturas, hist\u00f3ria e gastronomia para n\u00f3s. Quem n\u00e3o \u00e9 catarinense, certamente, j\u00e1 ouviu falar [&hellip;]<\/p>\n","protected":false},"author":11,"featured_media":5081,"comment_status":"closed","ping_status":"closed","sticky":false,"template":"","format":"standard","meta":{"footnotes":""},"categories":[92,240,111],"tags":[126,648,748,346,745,744,747,631,746],"class_list":["post-9682","post","type-post","status-publish","format-standard","has-post-thumbnail","hentry","category-acontece-na-midia","category-festas-e-festivais","category-gastronomia","tag-blumenau","tag-brusque-sc","tag-festas-tradicionais","tag-itajai-sc","tag-itapiranga-sc","tag-jaragua-do-sul-sc","tag-rio-negrinho-sc","tag-santa-catarina-sc","tag-sao-martinho-sc"],"aioseo_notices":[],"_links":{"self":[{"href":"https:\/\/www.guiaviagensbrasil.com\/blog\/wp-json\/wp\/v2\/posts\/9682","targetHints":{"allow":["GET"]}}],"collection":[{"href":"https:\/\/www.guiaviagensbrasil.com\/blog\/wp-json\/wp\/v2\/posts"}],"about":[{"href":"https:\/\/www.guiaviagensbrasil.com\/blog\/wp-json\/wp\/v2\/types\/post"}],"author":[{"embeddable":true,"href":"https:\/\/www.guiaviagensbrasil.com\/blog\/wp-json\/wp\/v2\/users\/11"}],"replies":[{"embeddable":true,"href":"https:\/\/www.guiaviagensbrasil.com\/blog\/wp-json\/wp\/v2\/comments?post=9682"}],"version-history":[{"count":5,"href":"https:\/\/www.guiaviagensbrasil.com\/blog\/wp-json\/wp\/v2\/posts\/9682\/revisions"}],"predecessor-version":[{"id":10079,"href":"https:\/\/www.guiaviagensbrasil.com\/blog\/wp-json\/wp\/v2\/posts\/9682\/revisions\/10079"}],"wp:featuredmedia":[{"embeddable":true,"href":"https:\/\/www.guiaviagensbrasil.com\/blog\/wp-json\/wp\/v2\/media\/5081"}],"wp:attachment":[{"href":"https:\/\/www.guiaviagensbrasil.com\/blog\/wp-json\/wp\/v2\/media?parent=9682"}],"wp:term":[{"taxonomy":"category","embeddable":true,"href":"https:\/\/www.guiaviagensbrasil.com\/blog\/wp-json\/wp\/v2\/categories?post=9682"},{"taxonomy":"post_tag","embeddable":true,"href":"https:\/\/www.guiaviagensbrasil.com\/blog\/wp-json\/wp\/v2\/tags?post=9682"}],"curies":[{"name":"wp","href":"https:\/\/api.w.org\/{rel}","templated":true}]}}