{"id":5076,"date":"2016-10-07T13:14:29","date_gmt":"2016-10-07T16:14:29","guid":{"rendered":"https:\/\/www.guiaviagensbrasil.com\/blog\/?p=5076"},"modified":"2018-04-26T12:43:03","modified_gmt":"2018-04-26T15:43:03","slug":"oktoberfest-a-festa-mais-alema-do-brasil","status":"publish","type":"post","link":"https:\/\/www.guiaviagensbrasil.com\/blog\/oktoberfest-a-festa-mais-alema-do-brasil\/","title":{"rendered":"Oktoberfest: a festa mais alem\u00e3 do Brasil"},"content":{"rendered":"\n\n<div class=\"kk-star-ratings kksr-auto kksr-align-left kksr-valign-top\"\n    data-payload='{&quot;align&quot;:&quot;left&quot;,&quot;id&quot;:&quot;5076&quot;,&quot;slug&quot;:&quot;default&quot;,&quot;valign&quot;:&quot;top&quot;,&quot;ignore&quot;:&quot;&quot;,&quot;reference&quot;:&quot;auto&quot;,&quot;class&quot;:&quot;&quot;,&quot;count&quot;:&quot;0&quot;,&quot;legendonly&quot;:&quot;&quot;,&quot;readonly&quot;:&quot;&quot;,&quot;score&quot;:&quot;0&quot;,&quot;starsonly&quot;:&quot;&quot;,&quot;best&quot;:&quot;5&quot;,&quot;gap&quot;:&quot;4&quot;,&quot;greet&quot;:&quot;Avalie este artigo&quot;,&quot;legend&quot;:&quot;0\\\/5 - (0 votes)&quot;,&quot;size&quot;:&quot;24&quot;,&quot;title&quot;:&quot;Oktoberfest: a festa mais alem\\u00e3 do Brasil&quot;,&quot;width&quot;:&quot;0&quot;,&quot;_legend&quot;:&quot;{score}\\\/{best} - ({count} {votes})&quot;,&quot;font_factor&quot;:&quot;1.25&quot;}'>\n            \n<div class=\"kksr-stars\">\n    \n<div class=\"kksr-stars-inactive\">\n            <div class=\"kksr-star\" data-star=\"1\" style=\"padding-right: 4px\">\n            \n\n<div class=\"kksr-icon\" style=\"width: 24px; height: 24px;\"><\/div>\n        <\/div>\n            <div class=\"kksr-star\" data-star=\"2\" style=\"padding-right: 4px\">\n            \n\n<div class=\"kksr-icon\" style=\"width: 24px; height: 24px;\"><\/div>\n        <\/div>\n            <div class=\"kksr-star\" data-star=\"3\" style=\"padding-right: 4px\">\n            \n\n<div class=\"kksr-icon\" style=\"width: 24px; height: 24px;\"><\/div>\n        <\/div>\n            <div class=\"kksr-star\" data-star=\"4\" style=\"padding-right: 4px\">\n            \n\n<div class=\"kksr-icon\" style=\"width: 24px; height: 24px;\"><\/div>\n        <\/div>\n            <div class=\"kksr-star\" data-star=\"5\" style=\"padding-right: 4px\">\n            \n\n<div class=\"kksr-icon\" style=\"width: 24px; height: 24px;\"><\/div>\n        <\/div>\n    <\/div>\n    \n<div class=\"kksr-stars-active\" style=\"width: 0px;\">\n            <div class=\"kksr-star\" style=\"padding-right: 4px\">\n            \n\n<div class=\"kksr-icon\" style=\"width: 24px; height: 24px;\"><\/div>\n        <\/div>\n            <div class=\"kksr-star\" style=\"padding-right: 4px\">\n            \n\n<div class=\"kksr-icon\" style=\"width: 24px; height: 24px;\"><\/div>\n        <\/div>\n            <div class=\"kksr-star\" style=\"padding-right: 4px\">\n            \n\n<div class=\"kksr-icon\" style=\"width: 24px; height: 24px;\"><\/div>\n        <\/div>\n            <div class=\"kksr-star\" style=\"padding-right: 4px\">\n            \n\n<div class=\"kksr-icon\" style=\"width: 24px; height: 24px;\"><\/div>\n        <\/div>\n            <div class=\"kksr-star\" style=\"padding-right: 4px\">\n            \n\n<div class=\"kksr-icon\" style=\"width: 24px; height: 24px;\"><\/div>\n        <\/div>\n    <\/div>\n<\/div>\n                \n\n<div class=\"kksr-legend\" style=\"font-size: 19.2px;\">\n            <span class=\"kksr-muted\">Avalie este artigo<\/span>\n    <\/div>\n    <\/div>\n<p>Voc\u00ea j\u00e1 ouviu falar na Oktoberfest, n\u00e3o \u00e9? A cidade de <a href=\"https:\/\/www.guiaviagensbrasil.com\/sc\/blumenau\/\" target=\"_blank\" rel=\"noopener\">Blumenau<\/a>, em Santa Catarina, todo m\u00eas de outubro recebe milhares de visitantes e apreciadores de cerveja para uma celebra\u00e7\u00e3o grandiosa, que cresceu em seus 22 anos de realiza\u00e7\u00e3o e hoje \u00e9 a maior festa alem\u00e3 do Brasil. Confira a seguir dicas e curiosidades e v\u00e1 festar em Blumenau!<\/p>\n<p><a href=\"https:\/\/www.guiaviagensbrasil.com\/blog\/wp-content\/uploads\/2016\/10\/desfile-oktoberfest.jpg\"><img loading=\"lazy\" decoding=\"async\" class=\"aligncenter size-full wp-image-5083\" src=\"https:\/\/www.guiaviagensbrasil.com\/blog\/wp-content\/uploads\/2016\/10\/desfile-oktoberfest.jpg\" alt=\"desfile-oktoberfest\" width=\"1200\" height=\"800\" srcset=\"https:\/\/www.guiaviagensbrasil.com\/blog\/wp-content\/uploads\/2016\/10\/desfile-oktoberfest.jpg 1200w, https:\/\/www.guiaviagensbrasil.com\/blog\/wp-content\/uploads\/2016\/10\/desfile-oktoberfest-300x200.jpg 300w, https:\/\/www.guiaviagensbrasil.com\/blog\/wp-content\/uploads\/2016\/10\/desfile-oktoberfest-1024x683.jpg 1024w\" sizes=\"auto, (max-width: 1200px) 100vw, 1200px\" \/><\/a><\/p>\n<h2>Hist\u00f3ria da Oktoberfest<\/h2>\n<p>Tudo come\u00e7ou em 1810 na Alemanha. O Rei Luis I casou-se com a Princesa Tereza Sax\u00f4nica no dia 12 de outubro e para comemorar a uni\u00e3o fizeram aquela festa! Tudo bem, naquela \u00e9poca foi uma corrida de cavalos e sem cerveja (!) j\u00e1 que esta era uma bebida considerada \u201cn\u00e3o nobre\u201d.<\/p>\n<p>O sucesso da festa foi tanto que todo ano o povo da regi\u00e3o realizava uma comemora\u00e7\u00e3o, at\u00e9 que em 1840 ela chegou a Munique, uma cidade grande da Baviera, e ganhou um novo sentido: barraquinhas dos produtores locais passaram a oferecer comidas, muitas atra\u00e7\u00f5es diferentes come\u00e7aram a ser organizadas e os artistas viam a reuni\u00e3o de pessoas como um \u00f3timo local para divulgar seus trabalhos. Pronto! Assim estava criada uma festa enorme e popular. Mas, voc\u00ea deve estar se perguntando: e a cerveja?<\/p>\n<p>Bom, a cerveja s\u00f3 come\u00e7ou a ser servida mesmo em 1918 e o consumo atual m\u00e9dio na Oktoberfest de Munique \u00e9 de cerca de 7 milh\u00f5es de litros!<\/p>\n<h2>E no Brasil?<\/h2>\n<p>A Oktoberfest de Blumenau teve sua primeira edi\u00e7\u00e3o em 1984, com 10 dias de festa que reuniu nada menos que 102 mil pessoas! O sucesso foi enorme e no ano seguinte muitos turistas das cidades vizinhas j\u00e1 aguardavam a data do evento, que s\u00f3 aumentou.<\/p>\n<p>Hoje, a Oktoberfest est\u00e1 em sua 22\u00aa edi\u00e7\u00e3o e n\u00e3o conta s\u00f3 com <a href=\"https:\/\/www.guiaviagensbrasil.com\/blog\/blumenau-a-tradicao-das-cervejas-o-ano-todo\/\" target=\"_blank\" rel=\"noopener\">cervejas<\/a> n\u00e3o! A cultura, gastronomia e tradi\u00e7\u00f5es alem\u00e3s est\u00e3o em cada cantinho da festa.<\/p>\n<p><a href=\"https:\/\/www.guiaviagensbrasil.com\/blog\/wp-content\/uploads\/2016\/10\/carro-alegorico-desfile-oktoberfest.jpg\"><img loading=\"lazy\" decoding=\"async\" class=\"aligncenter size-full wp-image-5079\" src=\"https:\/\/www.guiaviagensbrasil.com\/blog\/wp-content\/uploads\/2016\/10\/carro-alegorico-desfile-oktoberfest.jpg\" alt=\"carro-alegorico-desfile-oktoberfest\" width=\"533\" height=\"800\" srcset=\"https:\/\/www.guiaviagensbrasil.com\/blog\/wp-content\/uploads\/2016\/10\/carro-alegorico-desfile-oktoberfest.jpg 533w, https:\/\/www.guiaviagensbrasil.com\/blog\/wp-content\/uploads\/2016\/10\/carro-alegorico-desfile-oktoberfest-200x300.jpg 200w\" sizes=\"auto, (max-width: 533px) 100vw, 533px\" \/><\/a><\/p>\n<div class=\"botoes_compartilhamento borda borda_azul\">\n<p>Voc\u00ea est\u00e1 conferindo dicas da Oktoberfest: a festa mais alem\u00e3 do Brasil. Se est\u00e1 gostando das dicas, compartilhe no seu Facebook, ou tu\u00edte, e convide os amigos!<\/p>\n<div style=\"text-align: center;\"><a href=\"http:\/\/www.facebook.com\/sharer.php?u=https:\/\/www.guiaviagensbrasil.com\/blog\/oktoberfest-a-festa-mais-alema-do-brasil\/\" target=\"_blank\" rel=\"noopener\"><img loading=\"lazy\" decoding=\"async\" class=\"alignnone\" src=\"\/images\/botao-compartilhamento-facebook.png\" alt=\"Compartilhe no Facebook\" width=\"266\" height=\"71\" \/><\/a><a href=\"https:\/\/twitter.com\/intent\/tweet?text=Oktoberfest: a festa mais alem\u00e3 do Brasil &gt;&gt; https:\/\/www.guiaviagensbrasil.com\/blog\/oktoberfest-a-festa-mais-alema-do-brasil\/\" target=\"_blank\" rel=\"noopener\"><img loading=\"lazy\" decoding=\"async\" class=\"alignnone\" src=\"\/images\/botao-compartilhamento-twitter.png\" alt=\"Compartilhe no Twitter\" width=\"262\" height=\"71\" \/><\/a><\/div>\n<\/div>\n<h2>Programa\u00e7\u00e3o da Oktoberfest<\/h2>\n<p>Em 2016 a Oktoberfest ter\u00e1 18 dias de intensa programa\u00e7\u00e3o. O primeiro dia tem a abertura oficial do evento com o desfile de carros enfeitados e a sangria do primeiro barril de chope da festa! O desfile acontece nas principais ruas de Blumenau e segue at\u00e9 o Parque Vila Germ\u00e2nica, que ganhou este nome devido \u00e0 arquitetura t\u00edpica do Pa\u00eds de origem da festa.<\/p>\n<p><a href=\"https:\/\/www.guiaviagensbrasil.com\/blog\/wp-content\/uploads\/2016\/10\/carro-desfile-oktoberfest-blumenau-sc.jpg\"><img loading=\"lazy\" decoding=\"async\" class=\"aligncenter size-full wp-image-5080\" src=\"https:\/\/www.guiaviagensbrasil.com\/blog\/wp-content\/uploads\/2016\/10\/carro-desfile-oktoberfest-blumenau-sc.jpg\" alt=\"carro-desfile-oktoberfest-blumenau-sc\" width=\"1200\" height=\"800\" srcset=\"https:\/\/www.guiaviagensbrasil.com\/blog\/wp-content\/uploads\/2016\/10\/carro-desfile-oktoberfest-blumenau-sc.jpg 1200w, https:\/\/www.guiaviagensbrasil.com\/blog\/wp-content\/uploads\/2016\/10\/carro-desfile-oktoberfest-blumenau-sc-300x200.jpg 300w, https:\/\/www.guiaviagensbrasil.com\/blog\/wp-content\/uploads\/2016\/10\/carro-desfile-oktoberfest-blumenau-sc-1024x683.jpg 1024w\" sizes=\"auto, (max-width: 1200px) 100vw, 1200px\" \/><\/a><\/p>\n<p>Os demais dias contam com apresenta\u00e7\u00f5es folcl\u00f3ricas de grupos de dan\u00e7a alem\u00e3, bandas de m\u00fasica tradicional e muita gastronomia t\u00edpica!<\/p>\n<p><a href=\"https:\/\/www.guiaviagensbrasil.com\/blog\/wp-content\/uploads\/2016\/10\/banda-boktoberfest-blumenau-sc.jpg\"><img loading=\"lazy\" decoding=\"async\" class=\"aligncenter size-full wp-image-5078\" src=\"https:\/\/www.guiaviagensbrasil.com\/blog\/wp-content\/uploads\/2016\/10\/banda-boktoberfest-blumenau-sc.jpg\" alt=\"banda-boktoberfest-blumenau-sc\" width=\"1200\" height=\"800\" srcset=\"https:\/\/www.guiaviagensbrasil.com\/blog\/wp-content\/uploads\/2016\/10\/banda-boktoberfest-blumenau-sc.jpg 1200w, https:\/\/www.guiaviagensbrasil.com\/blog\/wp-content\/uploads\/2016\/10\/banda-boktoberfest-blumenau-sc-300x200.jpg 300w, https:\/\/www.guiaviagensbrasil.com\/blog\/wp-content\/uploads\/2016\/10\/banda-boktoberfest-blumenau-sc-1024x683.jpg 1024w\" sizes=\"auto, (max-width: 1200px) 100vw, 1200px\" \/><\/a><\/p>\n<p>No dia do encerramento \u00e9 realizado o Concurso Realeza, que escolhe a Rainha e as Princesas que divulgar\u00e3o o evento e o deixar\u00e3o ainda mais belo para no pr\u00f3ximo ano.<\/p>\n<p><a href=\"https:\/\/www.guiaviagensbrasil.com\/blog\/wp-content\/uploads\/2016\/10\/mocas-oktoberfest.jpg\"><img loading=\"lazy\" decoding=\"async\" class=\"aligncenter size-full wp-image-5081\" src=\"https:\/\/www.guiaviagensbrasil.com\/blog\/wp-content\/uploads\/2016\/10\/mocas-oktoberfest.jpg\" alt=\"mocas-oktoberfest\" width=\"1200\" height=\"800\" srcset=\"https:\/\/www.guiaviagensbrasil.com\/blog\/wp-content\/uploads\/2016\/10\/mocas-oktoberfest.jpg 1200w, https:\/\/www.guiaviagensbrasil.com\/blog\/wp-content\/uploads\/2016\/10\/mocas-oktoberfest-300x200.jpg 300w, https:\/\/www.guiaviagensbrasil.com\/blog\/wp-content\/uploads\/2016\/10\/mocas-oktoberfest-1024x683.jpg 1024w\" sizes=\"auto, (max-width: 1200px) 100vw, 1200px\" \/><\/a><\/p>\n<p>Voc\u00ea conferir a programa\u00e7\u00e3o completa no site da Oktoberfest(www.oktoberfestblumenau.com.br).<\/p>\n<p>Ent\u00e3o anota a\u00ed: em <strong>2016 a festa \u00e9 do dia 05\/10 a 23\/10.<\/strong><\/p>\n<h2>Onde ficar em Blumenau<\/h2>\n<p>Blumenau tem uma \u00f3tima rede hoteleira, at\u00e9 pela infraestrutura que foi criada em fun\u00e7\u00e3o da festa ter se tornado gigante para a cidade de 300 mil habitantes.<\/p>\n<p>Para quem procura op\u00e7\u00f5es com \u00f3timo custo-benef\u00edcio e f\u00e1cil deslocamento para a Oktoberfest os <a href=\"https:\/\/www.guiaviagensbrasil.com\/sc\/hoteis-e-pousadas-em-blumenau\/\" target=\"_blank\" rel=\"noopener\">hot\u00e9is e pousadas<\/a> da Rua de Setembro s\u00e3o as melhores escolhas. Por\u00e9m, nos dias da festa, h\u00e1 v\u00e1rias condu\u00e7\u00f5es por toda a cidade levando ao Parque Vila Germ\u00e2nica.<\/p>\n<h2>Turistando em Blumenau<\/h2>\n<p>Ap\u00f3s a festan\u00e7a (ou antes dela!) reserve um per\u00edodo do dia para conhecer Blumenau e um pouco mais da cultura alem\u00e3 t\u00e3o forte na cidade.<\/p>\n<p>O <a href=\"https:\/\/www.guiaviagensbrasil.com\/sc\/o-que-fazer-em-blumenau\/\" target=\"_blank\" rel=\"noopener\">centro de Blumenau \u00e9 o ponto de in\u00edcio do seu passeio<\/a>. Por toda a Rua XV de Novembro \u2013 a principal da cidade \u2013 voc\u00ea ver\u00e1 constru\u00e7\u00f5es no estilo enxaimel, que usa um conjunto de estacas e caibros para fazer a sustenta\u00e7\u00e3o da casa, marca registrada dos alem\u00e3s. As constru\u00e7\u00f5es abrigam teatros, casas de cultura, \u00f3rg\u00e3os do governo, al\u00e9m de hot\u00e9is, pousadas, restaurantes e com\u00e9rcio em geral. Conhe\u00e7a tamb\u00e9m a hist\u00f3rica Ponte da Estrada de Ferro, datada de 1929, e a Catedral de S\u00e3o Paulo Ap\u00f3stolo.<\/p>\n<p>E, claro, n\u00e3o deixe de conhecer o Museu da Cerveja \u2013 com toda hist\u00f3ria desta bebida muito apreciada pelos alem\u00e3es &#8211; e o Museu da Fam\u00edlia Colonial \u2013 que resgata a hist\u00f3ria dos imigrantes e toda a sua cultura.<\/p>\n<p>Ap\u00f3s os passeios, parem em um dos restaurantes tradicionais e provem os pratos t\u00edpicos, como o Marreco Recheado com Repolho Roxo, o Einsbein (joelho de porco cozido) e a Hackepeter \u2013 feito a base de carne crua e temperos fortes.<\/p>\n<p>Outro belo passeio que fica a 25 quil\u00f4metros de Blumenau \u00e9 pela Vila Itoupava, uma t\u00edpica col\u00f4nia rural alem\u00e3, onde n\u00e3o faltar\u00e3o hist\u00f3rias, causos da cidade e as del\u00edcias da culin\u00e1ria alem\u00e3 como as famosas cucas, a <span class=\"st\"><em>Apfelstrudel<\/em> <\/span>(torta de ma\u00e7\u00e3) e as geleias regadas a um saboroso cafezinho. Quem resiste?<\/p>\n<p>Ent\u00e3o, pronto para curtir a maior festa alem\u00e3 no Brasil? Planeje sua ida a Oktoberfest e conte para gente como foi!<\/p>\n<div class=\"borda\">\n<h3>Links relacionados<\/h3>\n<ul style=\"color: #666666;\">\n<li><a style=\"color: #663399;\" title=\"Veja as galerias de fotos da Ilha do Mel\" href=\"https:\/\/www.guiaviagensbrasil.com\/imagens360\/sc\/imagens-360-graus-blumenau\/\" target=\"_blank\" rel=\"noopener\">Fa\u00e7a um Passeio virtual em 360\u00b0 pela Oktoberfest!<\/a><\/li>\n<li><a style=\"color: #663399;\" title=\"Veja imagens 360\u00b0 da Ilha do Mel\" href=\"https:\/\/www.guiaviagensbrasil.com\/sc\/hoteis-e-pousadas-em-blumenau\/\" target=\"_blank\" rel=\"noopener\">Hot\u00e9is e Pousadas em Blumenau<\/a><\/li>\n<li><a style=\"color: #663399;\" title=\"Conhe\u00e7a mais sobre a Ilha do Mel, no Paran\u00e1.\" href=\"https:\/\/www.guiaviagensbrasil.com\/blog\/blumenau-a-tradicao-das-cervejas-o-ano-todo\/\" target=\"_blank\" rel=\"noopener\">Blumenau: a tradi\u00e7\u00e3o das cervejas o ano todo!<\/a><\/li>\n<\/ul>\n<\/div>\n","protected":false},"excerpt":{"rendered":"<p>Voc\u00ea j\u00e1 ouviu falar na Oktoberfest, n\u00e3o \u00e9? A cidade de Blumenau, em Santa Catarina, todo m\u00eas de outubro recebe milhares de visitantes e apreciadores de cerveja para uma celebra\u00e7\u00e3o grandiosa, que cresceu em seus 22 anos de realiza\u00e7\u00e3o e hoje \u00e9 a maior festa alem\u00e3 do Brasil. Confira a seguir dicas e curiosidades e [&hellip;]<\/p>\n","protected":false},"author":4,"featured_media":5080,"comment_status":"open","ping_status":"open","sticky":false,"template":"","format":"standard","meta":{"footnotes":""},"categories":[240],"tags":[126,125],"class_list":["post-5076","post","type-post","status-publish","format-standard","has-post-thumbnail","hentry","category-festas-e-festivais","tag-blumenau","tag-santa-catarina"],"aioseo_notices":[],"_links":{"self":[{"href":"https:\/\/www.guiaviagensbrasil.com\/blog\/wp-json\/wp\/v2\/posts\/5076","targetHints":{"allow":["GET"]}}],"collection":[{"href":"https:\/\/www.guiaviagensbrasil.com\/blog\/wp-json\/wp\/v2\/posts"}],"about":[{"href":"https:\/\/www.guiaviagensbrasil.com\/blog\/wp-json\/wp\/v2\/types\/post"}],"author":[{"embeddable":true,"href":"https:\/\/www.guiaviagensbrasil.com\/blog\/wp-json\/wp\/v2\/users\/4"}],"replies":[{"embeddable":true,"href":"https:\/\/www.guiaviagensbrasil.com\/blog\/wp-json\/wp\/v2\/comments?post=5076"}],"version-history":[{"count":2,"href":"https:\/\/www.guiaviagensbrasil.com\/blog\/wp-json\/wp\/v2\/posts\/5076\/revisions"}],"predecessor-version":[{"id":7528,"href":"https:\/\/www.guiaviagensbrasil.com\/blog\/wp-json\/wp\/v2\/posts\/5076\/revisions\/7528"}],"wp:featuredmedia":[{"embeddable":true,"href":"https:\/\/www.guiaviagensbrasil.com\/blog\/wp-json\/wp\/v2\/media\/5080"}],"wp:attachment":[{"href":"https:\/\/www.guiaviagensbrasil.com\/blog\/wp-json\/wp\/v2\/media?parent=5076"}],"wp:term":[{"taxonomy":"category","embeddable":true,"href":"https:\/\/www.guiaviagensbrasil.com\/blog\/wp-json\/wp\/v2\/categories?post=5076"},{"taxonomy":"post_tag","embeddable":true,"href":"https:\/\/www.guiaviagensbrasil.com\/blog\/wp-json\/wp\/v2\/tags?post=5076"}],"curies":[{"name":"wp","href":"https:\/\/api.w.org\/{rel}","templated":true}]}}