{"id":4598,"date":"2016-05-10T17:23:06","date_gmt":"2016-05-10T20:23:06","guid":{"rendered":"https:\/\/www.guiaviagensbrasil.com\/blog\/?p=4598"},"modified":"2019-06-12T15:11:37","modified_gmt":"2019-06-12T18:11:37","slug":"guia-completo-de-vitoria-e-vila-velha-es","status":"publish","type":"post","link":"https:\/\/www.guiaviagensbrasil.com\/blog\/guia-completo-de-vitoria-e-vila-velha-es\/","title":{"rendered":"Guia Completo de VIT\u00d3RIA e VILA VELHA &#8211; ES"},"content":{"rendered":"\n\n<div class=\"kk-star-ratings kksr-auto kksr-align-left kksr-valign-top\"\n    data-payload='{&quot;align&quot;:&quot;left&quot;,&quot;id&quot;:&quot;4598&quot;,&quot;slug&quot;:&quot;default&quot;,&quot;valign&quot;:&quot;top&quot;,&quot;ignore&quot;:&quot;&quot;,&quot;reference&quot;:&quot;auto&quot;,&quot;class&quot;:&quot;&quot;,&quot;count&quot;:&quot;0&quot;,&quot;legendonly&quot;:&quot;&quot;,&quot;readonly&quot;:&quot;&quot;,&quot;score&quot;:&quot;0&quot;,&quot;starsonly&quot;:&quot;&quot;,&quot;best&quot;:&quot;5&quot;,&quot;gap&quot;:&quot;4&quot;,&quot;greet&quot;:&quot;Avalie este artigo&quot;,&quot;legend&quot;:&quot;0\\\/5 - (0 votes)&quot;,&quot;size&quot;:&quot;24&quot;,&quot;title&quot;:&quot;Guia Completo de VIT\\u00d3RIA e VILA VELHA - ES&quot;,&quot;width&quot;:&quot;0&quot;,&quot;_legend&quot;:&quot;{score}\\\/{best} - ({count} {votes})&quot;,&quot;font_factor&quot;:&quot;1.25&quot;}'>\n            \n<div class=\"kksr-stars\">\n    \n<div class=\"kksr-stars-inactive\">\n            <div class=\"kksr-star\" data-star=\"1\" style=\"padding-right: 4px\">\n            \n\n<div class=\"kksr-icon\" style=\"width: 24px; height: 24px;\"><\/div>\n        <\/div>\n            <div class=\"kksr-star\" data-star=\"2\" style=\"padding-right: 4px\">\n            \n\n<div class=\"kksr-icon\" style=\"width: 24px; height: 24px;\"><\/div>\n        <\/div>\n            <div class=\"kksr-star\" data-star=\"3\" style=\"padding-right: 4px\">\n            \n\n<div class=\"kksr-icon\" style=\"width: 24px; height: 24px;\"><\/div>\n        <\/div>\n            <div class=\"kksr-star\" data-star=\"4\" style=\"padding-right: 4px\">\n            \n\n<div class=\"kksr-icon\" style=\"width: 24px; height: 24px;\"><\/div>\n        <\/div>\n            <div class=\"kksr-star\" data-star=\"5\" style=\"padding-right: 4px\">\n            \n\n<div class=\"kksr-icon\" style=\"width: 24px; height: 24px;\"><\/div>\n        <\/div>\n    <\/div>\n    \n<div class=\"kksr-stars-active\" style=\"width: 0px;\">\n            <div class=\"kksr-star\" style=\"padding-right: 4px\">\n            \n\n<div class=\"kksr-icon\" style=\"width: 24px; height: 24px;\"><\/div>\n        <\/div>\n            <div class=\"kksr-star\" style=\"padding-right: 4px\">\n            \n\n<div class=\"kksr-icon\" style=\"width: 24px; height: 24px;\"><\/div>\n        <\/div>\n            <div class=\"kksr-star\" style=\"padding-right: 4px\">\n            \n\n<div class=\"kksr-icon\" style=\"width: 24px; height: 24px;\"><\/div>\n        <\/div>\n            <div class=\"kksr-star\" style=\"padding-right: 4px\">\n            \n\n<div class=\"kksr-icon\" style=\"width: 24px; height: 24px;\"><\/div>\n        <\/div>\n            <div class=\"kksr-star\" style=\"padding-right: 4px\">\n            \n\n<div class=\"kksr-icon\" style=\"width: 24px; height: 24px;\"><\/div>\n        <\/div>\n    <\/div>\n<\/div>\n                \n\n<div class=\"kksr-legend\" style=\"font-size: 19.2px;\">\n            <span class=\"kksr-muted\">Avalie este artigo<\/span>\n    <\/div>\n    <\/div>\n<p>Como toda capital brasileira, <a href=\"https:\/\/www.guiaviagensbrasil.com\/es\/vitoria\/\" target=\"_blank\" rel=\"noopener\">Vit\u00f3ria<\/a> tem atra\u00e7\u00f5es para os turistas durante todo o ano. E n\u00e3o \u00e9 diferente com a vizinha <a href=\"https:\/\/www.guiaviagensbrasil.com\/es\/vila-velha\/\" target=\"_blank\" rel=\"noopener\">Vila Velha,<\/a> formando a dobradinha mais famosa do Esp\u00edrito Santo. Uma boa vantagem \u00e9 que as duas cidades n\u00e3o ficam lotadas em per\u00edodos espec\u00edficos, sendo o turismo bem distribu\u00eddo durante todo ano, justamente pela variedade de op\u00e7\u00f5es tur\u00edsticas, festas e, claro, o belo litoral.<\/p>\n<p><a href=\"https:\/\/www.guiaviagensbrasil.com\/blog\/wp-content\/uploads\/2016\/05\/vitoria-vila-velha.jpg\"><img loading=\"lazy\" decoding=\"async\" class=\"aligncenter size-full wp-image-4602\" src=\"https:\/\/www.guiaviagensbrasil.com\/blog\/wp-content\/uploads\/2016\/05\/vitoria-vila-velha.jpg\" alt=\"vitoria-vila-velha\" width=\"944\" height=\"755\" srcset=\"https:\/\/www.guiaviagensbrasil.com\/blog\/wp-content\/uploads\/2016\/05\/vitoria-vila-velha.jpg 944w, https:\/\/www.guiaviagensbrasil.com\/blog\/wp-content\/uploads\/2016\/05\/vitoria-vila-velha-300x240.jpg 300w\" sizes=\"auto, (max-width: 944px) 100vw, 944px\" \/><\/a><\/p>\n<p>Vit\u00f3ria \u00e9 famosa pelo seu Porto, onde trafegam centenas de embarca\u00e7\u00f5es com o leva-e-traz de mercadorias do Brasil para outros pa\u00edses. Pertinho do porto est\u00e1 o Pal\u00e1cio Anchieta &#8211; sede do governo &#8211; e tamb\u00e9m a \u00e1rea hist\u00f3rica, tombada pelo IPHAN como Patrim\u00f4nio Hist\u00f3rico Nacional.<\/p>\n<p>J\u00e1 a vizinha Vila Velha, fica a apenas 12 km da capital, com acesso via <a href=\"https:\/\/www.guiaviagensbrasil.com\/galerias\/es\/fotos-terceira-ponte\/\" target=\"_blank\" rel=\"noopener\">Ponte Deputado Darcy Castello de Mendon\u00e7a<\/a>, a famosa Terceira Ponte. Na cidade h\u00e1 belas praias, o Convento da Penha &#8211; ponto alto que oferece vista panor\u00e2mica da regi\u00e3o &#8211; e a f\u00e1brica de chocolates da Garoto, legitimamente brasileira.<\/p>\n<p><a href=\"https:\/\/www.guiaviagensbrasil.com\/blog\/wp-content\/uploads\/2016\/05\/foto-terceira-ponte-vitoria-es.jpg\"><img loading=\"lazy\" decoding=\"async\" class=\"aligncenter size-full wp-image-4603\" src=\"https:\/\/www.guiaviagensbrasil.com\/blog\/wp-content\/uploads\/2016\/05\/foto-terceira-ponte-vitoria-es.jpg\" alt=\"foto-terceira-ponte-vitoria-es\" width=\"1200\" height=\"800\" srcset=\"https:\/\/www.guiaviagensbrasil.com\/blog\/wp-content\/uploads\/2016\/05\/foto-terceira-ponte-vitoria-es.jpg 1200w, https:\/\/www.guiaviagensbrasil.com\/blog\/wp-content\/uploads\/2016\/05\/foto-terceira-ponte-vitoria-es-300x200.jpg 300w, https:\/\/www.guiaviagensbrasil.com\/blog\/wp-content\/uploads\/2016\/05\/foto-terceira-ponte-vitoria-es-1024x683.jpg 1024w\" sizes=\"auto, (max-width: 1200px) 100vw, 1200px\" \/><\/a><\/p>\n<p>A uni\u00e3o das duas cidades se d\u00e1 pelas caracter\u00edsticas hist\u00f3ricas-culturais e tamb\u00e9m pelas belezas do litoral, com praias para todos os estilos. Al\u00e9m de Vila Velha, a Regi\u00e3o Metropolitana de Vit\u00f3ria possui v\u00e1rias pequenas cidades que podem ser visitadas, pois guardam tesouros tur\u00edsticos imperd\u00edveis, como as constru\u00e7\u00f5es hist\u00f3ricas seculares.<\/p>\n<p>Confira a seguir roteiros hist\u00f3rico, gastron\u00f4mico, de festas e tur\u00edstico tradicional para voc\u00ea n\u00e3o perder nada na sua visita a capital capixaba!<\/p>\n<h2>Roteiro Hist\u00f3rico<\/h2>\n<p>O roteiro tur\u00edstico hist\u00f3rico de Vit\u00f3ria e Vila Velha se mistura com o turismo religioso. Muitas das constru\u00e7\u00f5es do per\u00edodo colonial que hoje servem de museu, fonte de pesquisa e de curiosidades sobre a hist\u00f3ria das duas cidades e do estado do Esp\u00edrito Santo s\u00e3o igrejas, conventos, ou locais onde religiosos se estabeleceram no decorrer a hist\u00f3ria do munic\u00edpio.<\/p>\n<p>Se voc\u00ea n\u00e3o \u00e9 religioso, n\u00e3o importa. Todos os lugares t\u00eam uma carga de conhecimento hist\u00f3rico e cultural muito forte, que n\u00e3o pode deixar de ser conhecida.<\/p>\n<h2>Em Vit\u00f3ria<\/h2>\n<p>Como muitas cidades do litoral brasileiro, Vit\u00f3ria \u00e9 muito antiga: ela foi fundada no ano de 1551, na \u00e9poca colonial. Ent\u00e3o j\u00e1 d\u00e1 para imaginar o tanto de hist\u00f3ria que o munic\u00edpio tem para contar, n\u00e3o \u00e9? Se levarmos em considera\u00e7\u00e3o que o <a href=\"https:\/\/www.guiaviagensbrasil.com\/es\/o-que-fazer-em-vitoria\/\" target=\"_blank\" rel=\"noopener\">Centro Hist\u00f3rico de Vit\u00f3ria<\/a> \u00e9 mais antigo que o de Ouro Preto (MG) e o de S\u00e3o Paulo (SP), j\u00e1 d\u00e1 para ter uma no\u00e7\u00e3o das preciosidades que vamos encontrar nesse roteiro.<\/p>\n<p>A Prefeitura de Vit\u00f3ria preza muito pela divulga\u00e7\u00e3o dos monumentos hist\u00f3ricos e culturais da cidade e, por isso, oferece o servi\u00e7o de passeios guiados em alguns dos monumentos da regi\u00e3o central de ter\u00e7a a domingo, das 9h \u00e0s 17h. Procure um posto de informa\u00e7\u00f5es tur\u00edsticas e se informe para participar.<\/p>\n<h4>Catedral Metropolitana de Vit\u00f3ria<\/h4>\n<p>A <a href=\"https:\/\/www.guiaviagensbrasil.com\/galerias\/es\/fotos-catedral-metropolitana\/\" target=\"_blank\" rel=\"noopener\">Catedral Metropolitana de Vit\u00f3ria<\/a> atual foi constru\u00edda em 50 anos. As obras come\u00e7aram em 1920 e s\u00f3 foram conclu\u00eddas em 1970. O novo pr\u00e9dio ficou no lugar da antiga igreja matriz da cidade, a Igreja de Nossa Senhora da Vit\u00f3ria \u2013 constru\u00edda em 1551 em estilo colonial.<\/p>\n<p><a href=\"https:\/\/www.guiaviagensbrasil.com\/blog\/wp-content\/uploads\/2016\/05\/foto-catedral-metropolitana-vitoria-es.jpg\"><img loading=\"lazy\" decoding=\"async\" class=\"aligncenter size-full wp-image-4607\" src=\"https:\/\/www.guiaviagensbrasil.com\/blog\/wp-content\/uploads\/2016\/05\/foto-catedral-metropolitana-vitoria-es.jpg\" alt=\"foto-catedral-metropolitana-vitoria-es\" width=\"533\" height=\"800\" srcset=\"https:\/\/www.guiaviagensbrasil.com\/blog\/wp-content\/uploads\/2016\/05\/foto-catedral-metropolitana-vitoria-es.jpg 533w, https:\/\/www.guiaviagensbrasil.com\/blog\/wp-content\/uploads\/2016\/05\/foto-catedral-metropolitana-vitoria-es-200x300.jpg 200w\" sizes=\"auto, (max-width: 533px) 100vw, 533px\" \/><\/a><\/p>\n<p>A igreja antiga foi demolida devido \u00e0 deteriora\u00e7\u00e3o da obra e por ser pequena demais para a quantidade de habitantes que o estado abrigava j\u00e1 no come\u00e7o do s\u00e9culo 20. A nova constru\u00e7\u00e3o tamb\u00e9m fez parte do plano de moderniza\u00e7\u00e3o do Esp\u00edrito Santo.<\/p>\n<p>O novo pr\u00e9dio foi constru\u00eddo em estilo neog\u00f3tico e tem como um dos destaques os belos vitrais nas paredes.<\/p>\n<h4>Theatro Carlos Gomes<\/h4>\n<p>O Theatro Carlos Gomes foi inspirado no famoso Teatro Scala, de Mil\u00e3o, na It\u00e1lia. A \u201cvers\u00e3o\u201d de Vit\u00f3ria foi constru\u00edda em 1927, na Pra\u00e7a Costa Pereira, no estilo neocl\u00e1ssico. A constru\u00e7\u00e3o tamb\u00e9m faz parte do circuito hist\u00f3rico da capital capixaba e vale a pena ser conhecida n\u00e3o apenas pelos apreciadores da arquitetura, mas pelos amantes da arte. Antes de ir a Vit\u00f3ria, confira o calend\u00e1rio de pe\u00e7as e espet\u00e1culos para poder ver os palcos do Theatro Carlos Gomes em a\u00e7\u00e3o.<\/p>\n<h4>Pal\u00e1cio Anchieta<\/h4>\n<p>O <a href=\"https:\/\/www.guiaviagensbrasil.com\/galerias\/es\/fotos-palacio-anchieta\/\" target=\"_blank\" rel=\"noopener\">Pal\u00e1cio Anchieta \u00e9 uma das sedes do governo do Esp\u00edrito Santo<\/a>. O pr\u00e9dio foi constru\u00eddo em 1570 com o objetivo de complementar a nova sede da Igreja de S\u00e3o Tiago, j\u00e1 que a antiga havia sido destru\u00edda em um inc\u00eandio. O complemento se tornou ent\u00e3o o Col\u00e9gio S\u00e3o Tiago, que funcionou at\u00e9 1759.<\/p>\n<p><a href=\"https:\/\/www.guiaviagensbrasil.com\/blog\/wp-content\/uploads\/2016\/05\/escadarias-palacio-anchieta-vitoria-es.jpg\"><img loading=\"lazy\" decoding=\"async\" class=\"aligncenter size-full wp-image-4608\" src=\"https:\/\/www.guiaviagensbrasil.com\/blog\/wp-content\/uploads\/2016\/05\/escadarias-palacio-anchieta-vitoria-es.jpg\" alt=\"escadarias-palacio-anchieta-vitoria-es\" width=\"1200\" height=\"800\" srcset=\"https:\/\/www.guiaviagensbrasil.com\/blog\/wp-content\/uploads\/2016\/05\/escadarias-palacio-anchieta-vitoria-es.jpg 1200w, https:\/\/www.guiaviagensbrasil.com\/blog\/wp-content\/uploads\/2016\/05\/escadarias-palacio-anchieta-vitoria-es-300x200.jpg 300w, https:\/\/www.guiaviagensbrasil.com\/blog\/wp-content\/uploads\/2016\/05\/escadarias-palacio-anchieta-vitoria-es-1024x683.jpg 1024w\" sizes=\"auto, (max-width: 1200px) 100vw, 1200px\" \/><\/a><\/p>\n<p>No s\u00e9culo 18, a constru\u00e7\u00e3o foi novamente atingida por\u00a0 um inc\u00eandio e foi recuperada somente em 1798, quando ela passou a ser o Pal\u00e1cio do Governo.<\/p>\n<p>O nome Pal\u00e1cio Anchieta veio somente em 1945, quando a morte do padre Jos\u00e9 de Anchieta completava 411 anos. Jones dos Santos Neves, governador do Esp\u00edrito Santo \u00e0 \u00e9poca, publicou um decreto que trocava o nome do pal\u00e1cio, j\u00e1 que o t\u00famulo simb\u00f3lico do famoso padre est\u00e1 l\u00e1 dentro.<\/p>\n<h4>Igreja de S\u00e3o Gon\u00e7alo<\/h4>\n<p>A Igreja de S\u00e3o Gon\u00e7alo \u00e9 uma das igrejas originais que Vit\u00f3ria conserva at\u00e9 hoje. Pequena, simples e modesta, ela quase se esconde em meio aos pr\u00e9dios e o centro desenvolvido da cidade, mas ainda chama a aten\u00e7\u00e3o pela carga hist\u00f3rica que o pr\u00e9dio possui.<\/p>\n<p>No lugar da igreja havia uma capela que, constru\u00edda em 1707, foi demolida alguns anos depois para que uma igreja maior fosse erguida no local para atender mais pessoas. Essa nova igreja \u00e9 o atual templo de S\u00e3o Gon\u00e7alo, que existe desde 1766.<\/p>\n<h4>Convento do Carmo<\/h4>\n<p>Dom Pedro II esteve no Esp\u00edrito Santo em 1860, que na \u00e9poca ainda era prov\u00edncia. Entre as capelas que visitou, a que mais chamou a aten\u00e7\u00e3o era a que ficava dentro do Convento do Carmo.<\/p>\n<p>Apesar de ter sido restaurada e perdido um pouco dos tra\u00e7os coloniais, o complexo arquitet\u00f4nico do Convento de Nossa Senhora do Monte Carmo ainda \u00e9 pe\u00e7a importante no roteiro hist\u00f3rico da capital capixaba \u2013 acredita-se que a constru\u00e7\u00e3o foi erguida no ano de 1682.<\/p>\n<h4>Capela de Santa Luzia<\/h4>\n<p>A Capela de Santa Luzia \u00e9 a \u00fanica capela que permanece completamente com todas as caracter\u00edsticas originais do per\u00edodo colonial. O pr\u00e9dio \u00e9 o mais antigo da capital e fica localizado na Cidade Alta, sendo tombado como Patrim\u00f4nio Hist\u00f3rico e Art\u00edstico Nacional pelo <acronym>Iphan.<\/acronym><\/p>\n<p>A capela foi constru\u00edda em 1537, antes de Vit\u00f3ria sequer existir. Abrigou o Museu de Arte Sacra (de 1950 a 1970) e a Galeria de Arte e Pesquisa da <acronym title=\"Universidade Federal do Esp\u00edrito Santo\">UFES<\/acronym> (de 1976 a 1994). Atualmente \u00e9 sede da 6\u00aa Sub-Regional do Instituto do Patrim\u00f4nio Hist\u00f3rico e Art\u00edstico Nacional (<acronym>IPHAN<\/acronym>).<\/p>\n<div class=\"botoes_compartilhamento borda borda_azul\">\n<p>Voc\u00ea est\u00e1 conferindo os motivos para incluir Aracaju na sua lista de viagens. Se est\u00e1 gostando das dicas, compartilhe no seu Facebook, ou tu\u00edte, e convide os amigos!<\/p>\n<div style=\"text-align: center;\"><a href=\"http:\/\/www.facebook.com\/sharer.php?u=https:\/\/www.guiaviagensbrasil.com\/blog\/guia-completo-de-vitoria-e-vila-velha-es\/\" target=\"_blank\" rel=\"noopener\"><img loading=\"lazy\" decoding=\"async\" class=\"alignnone\" src=\"\/images\/botao-compartilhamento-facebook.png\" alt=\"Compartilhe no Facebook\" width=\"266\" height=\"71\" \/><\/a><a href=\"https:\/\/twitter.com\/intent\/tweet?text=Guia Completo de Vit\u00f3ria e Vila Velha (ES) &gt; https:\/\/www.guiaviagensbrasil.com\/blog\/guia-completo-de-vitoria-e-vila-velha-es\/\" target=\"_blank\" rel=\"noopener\"><img loading=\"lazy\" decoding=\"async\" class=\"alignnone\" src=\"\/images\/botao-compartilhamento-twitter.png\" alt=\"Compartilhe no Twitter\" width=\"262\" height=\"71\" \/><\/a><\/div>\n<\/div>\n<h2>Em Vila Velha<\/h2>\n<h4>Convento de Nossa Senhora da Penha<\/h4>\n<p>Podemos chamar o <a href=\"https:\/\/www.guiaviagensbrasil.com\/es\/o-que-fazer-em-vila-velha\/\" target=\"_blank\" rel=\"noopener\">Convento de Nossa Senhora da Penha<\/a> de um dos principais pontos tur\u00edsticos do estado do Esp\u00edrito Santo pela sua import\u00e2ncia hist\u00f3rica-cultural e belezas aos arredores.<\/p>\n<p>O convento foi fundado no ano de 1558 e ainda preserva todas as caracter\u00edsticas arquitet\u00f4nicas do per\u00edodo colonial do Brasil. Est\u00e1 encravado no alto de um morro no bairro da Prainha, pertinho do mar e cercado pela Mata Atl\u00e2ntica preservada.<\/p>\n<p><img loading=\"lazy\" decoding=\"async\" class=\"aligncenter wp-image-9446 size-full\" src=\"https:\/\/www.guiaviagensbrasil.com\/blog\/wp-content\/uploads\/2019\/06\/Imagem-aproximada-da-Terceira-Ponte-Espirito-Santo.jpg\" alt=\"Convento Nossa Senhora da Penha - Vila Velha - ES - Fotos de Ricardo Junior \/ www.ricardojuniorfotografias.com.br\" width=\"990\" height=\"660\" srcset=\"https:\/\/www.guiaviagensbrasil.com\/blog\/wp-content\/uploads\/2019\/06\/Imagem-aproximada-da-Terceira-Ponte-Espirito-Santo.jpg 990w, https:\/\/www.guiaviagensbrasil.com\/blog\/wp-content\/uploads\/2019\/06\/Imagem-aproximada-da-Terceira-Ponte-Espirito-Santo-300x200.jpg 300w, https:\/\/www.guiaviagensbrasil.com\/blog\/wp-content\/uploads\/2019\/06\/Imagem-aproximada-da-Terceira-Ponte-Espirito-Santo-768x512.jpg 768w\" sizes=\"auto, (max-width: 990px) 100vw, 990px\" \/><\/p>\n<p>Os mais corajosos e aqueles que cumprem promessas sobem a estrada at\u00e9 o convento \u00e0 p\u00e9, mas \u00e9 poss\u00edvel fazer o trajeto de carro, ou com as vans tur\u00edsticas da cidade \u2013 o convento possui um estacionamento pr\u00f3prio para os visitantes. A subida n\u00e3o para por a\u00ed. Para chegar at\u00e9 ao pr\u00e9dio antigo, h\u00e1 uma escadaria com 365 degraus! Haja f\u00f4lego! Mas, o visual do alto compensa qualquer esfor\u00e7o, pois \u00e9 poss\u00edvel ver Vila Velha, Vit\u00f3ria, o Morro do Moreno e a Praia da Costa.<\/p>\n<p>Os devotos podem assistir a missas di\u00e1rias, que s\u00e3o realizadas em v\u00e1rios hor\u00e1rios.<\/p>\n<h4>Gruta do Frei Pedro Pal\u00e1cios<\/h4>\n<p>Se estiver no Convento de Nossa Senhora da Penha voc\u00ea tamb\u00e9m ir\u00e1 conhecer a Gruta do Frei Pedro Pal\u00e1cios, que \u00e9 uma forma\u00e7\u00e3o natural aos p\u00e9s do morro que suporta o Convento.<\/p>\n<p>A gruta \u00e9 relativamente grande e acredita-se que Frei Pedro Pal\u00e1cios &#8211;\u00a0respons\u00e1vel pela constru\u00e7\u00e3o do convento e figura fundamental na religi\u00e3o do Esp\u00edrito Santo &#8211; morou em seu interior por seis anos. A escolha de morar ali se deu pela op\u00e7\u00e3o de votos de pobreza e desapego, tradi\u00e7\u00e3o dos franciscanos.<\/p>\n<p>Muitos devotos visitam a gruta, fazem ora\u00e7\u00f5es e pedidos, e agradecem a Frei Pedro pelas b\u00ean\u00e7\u00e3os concedidas.<\/p>\n<h4>Casa da Mem\u00f3ria<\/h4>\n<p>A Casa da Mem\u00f3ria, propriamente dita, existe desde 1893, no entanto, s\u00f3 virou museu na d\u00e9cada de 1990. Desde ent\u00e3o, o espa\u00e7o guarda um acervo rico de fotos que mostram a trajet\u00f3ria da cidade de Vila Velha e do estado do Esp\u00edrito Santo nos \u00faltimos 100 anos. Al\u00e9m disso, o museu guarda cartas e documentos que retratam a coloniza\u00e7\u00e3o da regi\u00e3o ainda na \u00e9poca do Brasil Col\u00f4nia.<\/p>\n<p>O museu Casa da Mem\u00f3ria fica aberto ao p\u00fablico em hor\u00e1rio comercial.<\/p>\n<h4>Museu Ferrovi\u00e1rio de Vila Velha (Museu da Vale)<\/h4>\n<p>O Museu Ferrovi\u00e1rio, tamb\u00e9m conhecido como Museu da Vale, fica dentro da antiga Esta\u00e7\u00e3o de Trem Pedro Nolasco, que faz o trajeto Vit\u00f3ria \u2013 Minas Gerais. A esta\u00e7\u00e3o existe desde 1927 e ainda preserva as mesmas caracter\u00edsticas, tendo passado por pequenas restaura\u00e7\u00f5es na d\u00e9cada de 90, antes de ser transformada em museu em 1998.<\/p>\n<p>O museu \u00e9 dedicado \u00e0 hist\u00f3ria da estrada de ferro e seu acervo conta com documentos, cartas, fotografias e outras pe\u00e7as centen\u00e1rias. S\u00e3o mais de 130 objetos interessantes, que representam muito a hist\u00f3ria de todo o Esp\u00edrito Santo.<\/p>\n<h4>Forte de S\u00e3o Francisco Xavier de Piratininga<\/h4>\n<p>O Forte de S\u00e3o Francisco Xavier de Piratininga, tamb\u00e9m conhecido como\u00a0Forte da Barra, foi constru\u00eddo em 1535 para proteger o povoado da capitania do Esp\u00edrito Santo e a ba\u00eda de Vit\u00f3ria. Ele fica na enseada de Inho\u00e3, com uma linda vista para o mar.<\/p>\n<p>Al\u00e9m do valor hist\u00f3rico e militar que o Forte tem para o Estado, o espa\u00e7o \u00e9 muito agrad\u00e1vel e hoje abriga um Centro Cultural, com diversas atra\u00e7\u00f5es durante todo o ano.<\/p>\n<h4>S\u00edtio Hist\u00f3rico da Prainha<\/h4>\n<p>O S\u00edtio Hist\u00f3rico da Prainha foi determinado atrav\u00e9s de uma lei sancionada em 2015 em Vila Velha. A regi\u00e3o demarcada corresponde ao ponto inicial da civiliza\u00e7\u00e3o da cidade \u2013 \u00e9 l\u00e1, inclusive, que fica o marco zero de Vila Velha.<\/p>\n<p>Al\u00e9m disso, o s\u00edtio hist\u00f3rico abriga diversas casas, casar\u00f5es e edifica\u00e7\u00f5es com caracter\u00edsticas originais do per\u00edodo colonial brasileiro, per\u00edodo no qual a capitania do Esp\u00edrito Santo come\u00e7ava a se desenvolver.<\/p>\n<h2>Roteiro Gastron\u00f4mico<\/h2>\n<h2>Em Vit\u00f3ria<\/h2>\n<h4>Feiras de Rua<\/h4>\n<p>Aos domingos ocorrem em quatro regi\u00f5es de Vit\u00f3ria as feiras de ruas que funcionam a c\u00e9u aberto: Consola\u00e7\u00e3o, Vila Rubim, Maru\u00edpe e Santa Martha. Nos dias de semana, mais 14 pontos de diferentes regi\u00f5es da cidade recebem as barraquinhas de produtos variados, que v\u00e3o de hortali\u00e7as, flores, artesanatos, embutidos e comidas t\u00edpicas. Para quem gosta de gastronomia e de apreciar os sabores regionais da forma mais local poss\u00edvel, as feiras de rua s\u00e3o a indica\u00e7\u00e3o!<\/p>\n<h4>Galp\u00e3o das Paneleiras de Goiabeiras<\/h4>\n<p>Esse passeio n\u00e3o \u00e9 bem \u201cgastron\u00f4mico\u201d, mas tem tudo a ver com a comida e, principalmente, com a cultura capixaba. Voc\u00ea ir\u00e1 at\u00e9 o bairro de Goiabeiras Velha, ao norte de Vit\u00f3ria, onde v\u00e1rias artes\u00e3s produzem e comercializam as tradicionais panelas de barro, um dos grandes s\u00edmbolos culturais do Esp\u00edrito Santo.<\/p>\n<p>O trabalho \u00e9 t\u00e3o importante, que as Panelas de Goiabeiras foram o primeiro Bem Cultural registrado pelo Instituto do Patrim\u00f4nio Hist\u00f3rico e Art\u00edstico Nacional (Iphan) da hist\u00f3ria do Brasil! Al\u00e9m disso, \u00e9 Indica\u00e7\u00e3o Geogr\u00e1fica pelo Instituto Nacional de Propriedade Industrial (INPI), devido a sua produ\u00e7\u00e3o exclusiva e diferenciada.<\/p>\n<p>A tradi\u00e7\u00e3o secular vem dos ind\u00edgenas e que foi preservada ao longo do tempo, devido ao costume de passar o modo artesanal de fabrica\u00e7\u00e3o de m\u00e3e para filha. E isso continua muito forte at\u00e9 hoje.<\/p>\n<p>No galp\u00e3o que abriga a associa\u00e7\u00e3o de artes\u00e3s, voc\u00ea ter\u00e1 a oportunidade de conferir de perto o trabalho caprichado das paneleiras, desde quando elas moldam o barro, queimam a argila, at\u00e9 a transforma\u00e7\u00e3o em panelas, que consideradas as melhores por muitos chefs renomados de cozinha! Compre a sua panela de Goiabeiras e experimente o novo sabor de suas receitas em casa!<\/p>\n<h4>Prato T\u00edpico<\/h4>\n<p>N\u00e3o poder\u00edamos deixar de fechar este t\u00f3pico sem falar da <strong>moqueca capixaba<\/strong> <strong>feita em panela de barro de Goiabeiras<\/strong>, o principal prato t\u00edpico do Esp\u00edrito Santo. Para ela, s\u00f3 temos uma coisa a dizer: voc\u00ea precisa provar!<\/p>\n<p>A moqueca \u00e9 um cozido de peixe e frutos do mar finalizados de modo especial com coentro, urucum, cebola e lim\u00e3o. E \u00e9 uma del\u00edcia. No Esp\u00edrito Santo todo mundo j\u00e1 sabe o ditado: \u201cmoqueca \u00e9 capixaba, o resto \u00e9 peixada\u201d.<\/p>\n<h2>Roteiro Tur\u00edstico Tradicional<\/h2>\n<h2>Em Vit\u00f3ria<\/h2>\n<h4>Porto de Vit\u00f3ria<\/h4>\n<p>Um ponto principal para se visitar em Vit\u00f3ria, sem d\u00favida, \u00e9 o seu <a href=\"https:\/\/www.guiaviagensbrasil.com\/galerias\/es\/fotos-do-porto-de-vitoria\/\" target=\"_blank\" rel=\"noopener\">Porto<\/a>, que teve sua constru\u00e7\u00e3o iniciada em 1906 devido a necessidade de escoamento da produ\u00e7\u00e3o de caf\u00e9 e min\u00e9rio. As obras foram conclu\u00eddas em 1940 e at\u00e9 hoje o Complexo Portu\u00e1rio do Esp\u00edrito Santo \u00e9 um dos mais importantes do Brasil, que junto de Santos, <a href=\"https:\/\/www.guiaviagensbrasil.com\/pr\/paranagua\/\">Paranagu\u00e1<\/a> e Rio Grande movimenta a economia do pa\u00eds.<\/p>\n<p><a href=\"https:\/\/www.guiaviagensbrasil.com\/blog\/wp-content\/uploads\/2016\/05\/foto-do-porto-vitoria-es.jpg\"><img loading=\"lazy\" decoding=\"async\" class=\"aligncenter size-full wp-image-4613\" src=\"https:\/\/www.guiaviagensbrasil.com\/blog\/wp-content\/uploads\/2016\/05\/foto-do-porto-vitoria-es.jpg\" alt=\"foto-do-porto-vitoria-es\" width=\"990\" height=\"660\" srcset=\"https:\/\/www.guiaviagensbrasil.com\/blog\/wp-content\/uploads\/2016\/05\/foto-do-porto-vitoria-es.jpg 990w, https:\/\/www.guiaviagensbrasil.com\/blog\/wp-content\/uploads\/2016\/05\/foto-do-porto-vitoria-es-300x200.jpg 300w\" sizes=\"auto, (max-width: 990px) 100vw, 990px\" \/><\/a><\/p>\n<h4>Pra\u00e7a dos Namorados<\/h4>\n<p>A Pra\u00e7a dos Namorados \u00e9 a sensa\u00e7\u00e3o da Praia do Canto. Ela \u00e9 palco das feirinhas de gastronomia e artesanatos aos fins de semana. Al\u00e9m disso, h\u00e1 uma grande \u00e1rea de lazer para todas as idades: tem pista de skate, de patina\u00e7\u00e3o, tem academia para a terceira idade, parquinho para os pequenos, etc. Al\u00e9m da linda paisagem, quem for curtir a Pra\u00e7a dos Namorados ter\u00e1 \u00e0 disposi\u00e7\u00e3o v\u00e1rios bares e restaurantes nas redondezas.<\/p>\n<h4>Pra\u00e7a da Ci\u00eancia<\/h4>\n<p>Bem pr\u00f3xima \u00e0 Pra\u00e7a dos Namorados est\u00e1 a Pra\u00e7a da Ci\u00eancia, que oferece mais de 10 brinquedos e instrumentos pedag\u00f3gicos voltados ao ensino da f\u00edsica, educa\u00e7\u00e3o ambiental, astronomia e ci\u00eancia em geral. A Pra\u00e7a foi criada com o objetivo de divulgar e socializar esses conhecimentos tanto para crian\u00e7as, quanto para adultos. L\u00e1 tamb\u00e9m s\u00e3o ofertadas visitas guiados e ministradas palestras, oficinas e eventos culturais para os moradores e visitantes de Vit\u00f3ria.<\/p>\n<h4>Parque Bot\u00e2nico da Vale<\/h4>\n<p>A maior \u00e1rea verde da Regi\u00e3o Metropolitana de Vit\u00f3ria \u00e9 o Parque Bot\u00e2nico da Vale. Ele fica no Complexo do Tubar\u00e3o e possui 33 hectares com o objetivo de preservar o que resta da Mata Atl\u00e2ntica na regi\u00e3o.<\/p>\n<p>Os visitantes do parque t\u00eam a op\u00e7\u00e3o de fazer a trilha por dentro da mata \u00e0 p\u00e9, ou com o passeio de \u00f4nibus gratuito que a pr\u00f3pria administra\u00e7\u00e3o oferece. L\u00e1, \u00e9 poss\u00edvel conhecer esp\u00e9cies da flora e da fauna nativas e pode ser um momento perfeito para entrar em contato com a natureza verde e fugir um pouco da cidade, da areia e do mar.<\/p>\n<h4>Parque da Pedra da Cebola<\/h4>\n<p>O nome j\u00e1 diz tudo: a grande atra\u00e7\u00e3o do Parque da Pedra da Cebola \u00e9 uma pedra no formato de cebola! A pedra \u00e9 t\u00e3o inusitada que virou um dos cart\u00f5es postais do Esp\u00edrito Santo e at\u00e9 recebe ilumina\u00e7\u00e3o especial quando o dia come\u00e7a a escurecer.<\/p>\n<p>O passeio at\u00e9 o local \u00e9 destinado a toda a fam\u00edlia: crian\u00e7as e adultos podem curtir o espa\u00e7o verde, as diferentes aves que sobrevoam por l\u00e1 e at\u00e9 a fazendinha que o lugar o oferece. Al\u00e9m disso, o Paque da Pedra da Cebola tamb\u00e9m pode ser um \u00f3timo lugar para caminhadas e para a pr\u00e1tica de esportes.<\/p>\n<h2>Em Vila Velha<\/h2>\n<h4>F\u00e1brica de Chocolates Garoto<\/h4>\n<p>A marca Garoto talvez seja uma das mais famosas do Brasil quando o assunto \u00e9 doces e chocolates. E a f\u00e1brica destas guloseimas fica em Vila Velha, onde os turistas podem fazer uma visita guiada e conhecer as etapas de produ\u00e7\u00e3o, desde o in\u00edcio, at\u00e9 a embalagem final, com direito a degusta\u00e7\u00f5es! Al\u00e9m disso, h\u00e1 um museu no local, contando a hist\u00f3ria do chocolate e da empresa.<\/p>\n<p>O Chocotour, como \u00e9 chamado o passeio, ocorre de segunda \u00e0 sexta das 9h \u00e0s 15h, sempre com agendamento antecipado(www.garoto.com.br). Algumas regras precisam ser seguidas para manter a seguran\u00e7a e higiene:<\/p>\n<p style=\"padding-left: 30px;\">1. Usar cal\u00e7as compridas;<br \/>\n2. Usar blusa de manga comprida;<br \/>\n3. Usar cal\u00e7ados fechados;<br \/>\n4. N\u00e3o usar acess\u00f3rios, como brincos, colares e cintos.<br \/>\n5. Ter mais de 7 anos para visitar a \u00e1rea industrial.<\/p>\n<p>Esse passeio \u00e9 \u00f3timo para curtir com toda fam\u00edlia. A f\u00e1brica da Garoto fica na Pra\u00e7a Meyerfreund, n\u00b0 1 no Bairro Gl\u00f3ria.<\/p>\n<h4>Tri\u00e2ngulo<\/h4>\n<p>Se voc\u00ea estiver passando uns dias em Vila Velha e quiser tamb\u00e9m curtir um pouco da noite capixaba, voc\u00ea deve ir ao Tri\u00e2ngulo. O \u201cTri\u00e2ngulo de Vila Velha\u201d nada mais \u00e9 que um quarteir\u00e3o onde se concentram os melhores bares, restaurantes e casas noturnas da cidade. O reduto bo\u00eamio fica pr\u00f3ximo \u00e0 Praia de Itaparica e \u00e9 muito famoso entre os amantes da vida noturna.<\/p>\n<h2>Roteiro de Praias<\/h2>\n<p>Claro que n\u00e3o nos esquecemos das praias! O litoral capixaba \u00e9 imperd\u00edvel e pode ser explorado em v\u00e1rias cidades da regi\u00e3o metropolitana de Vit\u00f3ria. Vamos as melhores:<\/p>\n<h2>Em Vit\u00f3ria<\/h2>\n<p>Apesar da vizinha Vila Velha ter melhores condi\u00e7\u00f5es de nado em suas praias, Vit\u00f3ria tamb\u00e9m oferece op\u00e7\u00f5es de mar e areia para seus visitantes. Todas elas, ali\u00e1s, sempre muito movimentadas. Se voc\u00ea n\u00e3o tem interesse em esticar um pouquinho para conhecer o litoral de Vila Velha, conhe\u00e7a a seguir as suas op\u00e7\u00f5es em Vit\u00f3ria.<\/p>\n<h4>Praia de Camburi<\/h4>\n<p>A <a href=\"https:\/\/www.guiaviagensbrasil.com\/galerias\/es\/fotos-praia-cambori\/\" target=\"_blank\" rel=\"noopener\">Praia de Camburi<\/a> \u00e9 a mais movimentada de Vit\u00f3ria, principalmente em alta temporada. \u00c9 nessa \u00e9poca que a agenda de eventos borbulha no local, principalmente as competi\u00e7\u00f5es esportivas e shows musicais. Os moradores a buscam para praticar esportes, caminhar, encontrar amigos no cal\u00e7ad\u00e3o e curtir as festas. Os turistas para aproveitar o sol, o mar e a areia e, claro, tamb\u00e9m para participar da movimenta\u00e7\u00e3o local.<\/p>\n<p><a href=\"https:\/\/www.guiaviagensbrasil.com\/blog\/wp-content\/uploads\/2016\/05\/pessoas-praia-camburi-vitoria-es.jpg\"><img loading=\"lazy\" decoding=\"async\" class=\"aligncenter size-full wp-image-4614\" src=\"https:\/\/www.guiaviagensbrasil.com\/blog\/wp-content\/uploads\/2016\/05\/pessoas-praia-camburi-vitoria-es.jpg\" alt=\"pessoas-praia-camburi-vitoria-es\" width=\"1200\" height=\"800\" srcset=\"https:\/\/www.guiaviagensbrasil.com\/blog\/wp-content\/uploads\/2016\/05\/pessoas-praia-camburi-vitoria-es.jpg 1200w, https:\/\/www.guiaviagensbrasil.com\/blog\/wp-content\/uploads\/2016\/05\/pessoas-praia-camburi-vitoria-es-300x200.jpg 300w, https:\/\/www.guiaviagensbrasil.com\/blog\/wp-content\/uploads\/2016\/05\/pessoas-praia-camburi-vitoria-es-1024x683.jpg 1024w\" sizes=\"auto, (max-width: 1200px) 100vw, 1200px\" \/><\/a><\/p>\n<p>Passeios de barcos e escunas tamb\u00e9m est\u00e3o dispon\u00edveis na Praia de Camburi, principalmente no ver\u00e3o. N\u00e3o deixe de conhecer \u201cas profundezas\u201d do mar capixaba com pr\u00e1tica de mergulhos, que s\u00e3o oferecidas por v\u00e1rias empresas. As \u00e1guas da regi\u00e3o s\u00e3o ricas em biodiversidades e com boa visibilidade.<\/p>\n<p>A Praia de Camburi conta com uma estrutura tur\u00edstica \u00f3tima, inclusive na parte da ilumina\u00e7\u00e3o. Os visitantes da cidade podem caminhar e curtir a brisa da mar\u00e9 at\u00e9 durante a noite.<\/p>\n<h4>Curva da Jurema<\/h4>\n<p>A Curva da Jurema tamb\u00e9m tem uma grande variedade de bares e restaurantes. Quem vai l\u00e1 gosta de apreciar uma boa m\u00fasica ao vivo, bebidas e petiscos em frente ao mar. O visual da praia ajuda, deixando a experi\u00eancia de curtir um tempinho na areia ainda melhor.<\/p>\n<p>Outro aspecto interessante da Curva da Jurema \u00e9 a variedade do p\u00fablico. Isso \u00e9 muito interessante, principalmente se voc\u00ea tem o interesse de viajar para conhecer gente nova.<\/p>\n<h4>Praia da Ilha do Boi<\/h4>\n<p>A <a href=\"https:\/\/www.guiaviagensbrasil.com\/galerias\/es\/fotos-praia-ilha-do-boi\/\" target=\"_blank\" rel=\"noopener\">Praia da Ilha do Boi<\/a> \u00e9 uma praia pequena, sem muitas ondas, ideal para as fam\u00edlias que v\u00e3o a Vit\u00f3ria com crian\u00e7as e idosos. Ela fica em uma \u00e1rea residencial, o que pode facilitar principalmente a locomo\u00e7\u00e3o e a disponibilidade de servi\u00e7os e estruturas.<\/p>\n<p><a href=\"https:\/\/www.guiaviagensbrasil.com\/blog\/wp-content\/uploads\/2016\/05\/foto-praia-ilha-do-boi-vit\u00f3ria-es.jpg\"><img loading=\"lazy\" decoding=\"async\" class=\"aligncenter size-full wp-image-4616\" src=\"https:\/\/www.guiaviagensbrasil.com\/blog\/wp-content\/uploads\/2016\/05\/foto-praia-ilha-do-boi-vit\u00f3ria-es.jpg\" alt=\"foto-praia-ilha-do-boi-vit\u00f3ria-es\" width=\"1200\" height=\"800\" srcset=\"https:\/\/www.guiaviagensbrasil.com\/blog\/wp-content\/uploads\/2016\/05\/foto-praia-ilha-do-boi-vit\u00f3ria-es.jpg 1200w, https:\/\/www.guiaviagensbrasil.com\/blog\/wp-content\/uploads\/2016\/05\/foto-praia-ilha-do-boi-vit\u00f3ria-es-300x200.jpg 300w, https:\/\/www.guiaviagensbrasil.com\/blog\/wp-content\/uploads\/2016\/05\/foto-praia-ilha-do-boi-vit\u00f3ria-es-1024x683.jpg 1024w\" sizes=\"auto, (max-width: 1200px) 100vw, 1200px\" \/><\/a><\/p>\n<p>Apesar de ser recomendada principalmente \u00e0s fam\u00edlias devido ao mar calmo, a Praia da Ilha do Boi \u00e9 uma das mais frequentadas pelos jovens capixabas e pelos turistas. A Ilha do Boi tamb\u00e9m est\u00e1 na lista de melhores praias da capital do Esp\u00edrito Santo.<\/p>\n<h4>Praia da Ilha do Frade<\/h4>\n<p>A Praia da Ilha do Frade pode parecer n\u00e3o valer a pena: h\u00e1 pouca estrutura e fica escondida na natureza, em dif\u00edcil acesso. Mas, isto pode ser um atrativo, principalmente para aqueles visitantes que querem fugir do movimento e procuram um lugar mais calmo e com contato pr\u00f3ximo \u00e0 natureza. Apesar de ser uma das menos visitadas da Regi\u00e3o Metropolitana de Vit\u00f3ria, ela \u00e9 uma das mais bonitas.<\/p>\n<h4>Passeio de Escuna<\/h4>\n<p>O Passeio de Escuna de Vit\u00f3ria tamb\u00e9m \u00e9 muito procurado pelos turistas que n\u00e3o querem perder a chance de conhecer as \u00e1guas e as ilhas da cidade. A escuna sai diariamente em dois hor\u00e1rios do Pier de Iemanj\u00e1, e com duas op\u00e7\u00f5es de trajeto:<\/p>\n<p style=\"padding-left: 30px;\">1. Trajeto que passa pela Ilha do Boi e pela Praia da Costa;<br \/>\n2. Trajeto que passa por Vit\u00f3ria e vai at\u00e9 o centro da cidade atrav\u00e9s das \u00e1guas.<\/p>\n<p>Al\u00e9m das paisagens distintas, o diferencial \u00e9 que no primeiro passeio h\u00e1 uma parada para mergulho na Praia da Costa, o que costuma ser bem atraente principalmente para as crian\u00e7as e jovens.<\/p>\n<p>Esse \u00e9 um dos poucos passeios de barcos oferecidos diariamente em Vit\u00f3ria, por isso vale a pena investir e conhecer.<\/p>\n<h2>Em Vila Velha<\/h2>\n<p>Como citado anteriormente, as praias de Vila Velha podem ser mais limpas e possuem condi\u00e7\u00f5es melhores de banho. Se voc\u00ea for a Vit\u00f3ria, n\u00e3o deixe de visitar a cidade vizinha e seus mares. Conhe\u00e7a as principais e escolha quais voc\u00ea deseja ir.<\/p>\n<h4>Praia da Costa<\/h4>\n<p>Considerada a melhor praia de Vila Velha, a <a href=\"https:\/\/www.guiaviagensbrasil.com\/galerias\/es\/fotos-praia-da-costa\/\" target=\"_blank\" rel=\"noopener\">Praia da Costa<\/a> fica a apenas 5 km de Vit\u00f3ria e \u00e9 a que mais recebe turistas no Esp\u00edrito Santo durante o ver\u00e3o, al\u00e9m dos moradores diariamente. O principal atrativo \u00e9 sua boa infraestrutura: a orla da Praia da Costa conta com v\u00e1rios bares, restaurantes, quiosques, barracas de aluguel de guarda-sol, vendedores ambulantes de bebidas e alimentos, entre diversos outros servi\u00e7os.<\/p>\n<p><a href=\"https:\/\/www.guiaviagensbrasil.com\/blog\/wp-content\/uploads\/2016\/05\/pessoas-praia-da-costa-es.jpg\"><img loading=\"lazy\" decoding=\"async\" class=\"aligncenter size-full wp-image-4617\" src=\"https:\/\/www.guiaviagensbrasil.com\/blog\/wp-content\/uploads\/2016\/05\/pessoas-praia-da-costa-es.jpg\" alt=\"pessoas-praia-da-costa-es\" width=\"1200\" height=\"800\" srcset=\"https:\/\/www.guiaviagensbrasil.com\/blog\/wp-content\/uploads\/2016\/05\/pessoas-praia-da-costa-es.jpg 1200w, https:\/\/www.guiaviagensbrasil.com\/blog\/wp-content\/uploads\/2016\/05\/pessoas-praia-da-costa-es-300x200.jpg 300w, https:\/\/www.guiaviagensbrasil.com\/blog\/wp-content\/uploads\/2016\/05\/pessoas-praia-da-costa-es-1024x683.jpg 1024w\" sizes=\"auto, (max-width: 1200px) 100vw, 1200px\" \/><\/a><\/p>\n<p>A Praia da Costa vai mudando de nome ao longo da extens\u00e3o. Ela tamb\u00e9m \u00e9 a Praia de Itapu\u00e3 e a Praia de Itaparica. As ondas tamb\u00e9m v\u00e3o ficando mais fortes com essas mudan\u00e7as de nome, que foram dadas justamente para diferenciar as caracter\u00edsticas da \u00e1gua.<\/p>\n<p>Fam\u00edlias que v\u00e3o com crian\u00e7as e idosos devem ficar no come\u00e7o da Praia da Costa, em um trecho que \u00e9 conhecido como Praia da Sereia. \u00c9 l\u00e1 que o mar fica mais calmo, com ondas baixa e mais fracas.<\/p>\n<p>Quem est\u00e1 na Praia da Costa \u00e0 noite pode apreciar uma ilumina\u00e7\u00e3o toda especial, que clareia a tradicional feirinha de comidas e artesanatos locais.<\/p>\n<h2>Festas T\u00edpicas<\/h2>\n<p>As festas t\u00edpicas de Vit\u00f3ria e Vila Velha englobam, principalmente, culturas locais e religiosas. O povo capixaba se re\u00fane com muito \u00e2nimo nesses eventos, que podem ser uma \u00f3tima oportunidade para voc\u00ea, turista, conhecer os costumes, jeitos e celebra\u00e7\u00f5es capixabas.<\/p>\n<h3>Carnaval Capixaba<\/h3>\n<p>Praia combina muito com Carnaval. E o carnaval do Esp\u00edrito Santo \u00e9 muito animado, come\u00e7ando pelo slogan que \u00e9 \u201cO Carnaval do Brasil come\u00e7a aqui!\u201d. Se voc\u00ea pretende visitar Vit\u00f3ria, ou Vila Velha nesse feriado, fica o recado!<\/p>\n<p>O evento em Vit\u00f3ria \u00e9 chamado de Samb\u00e3o do Povo e coloca v\u00e1rias escolas da capital e da regi\u00e3o metropolitana para desfilar pelas ruas da cidade no final de semana anterior ao feriado. Mas, a festa continua na semana seguinte, quando \u00e9 comemorado o feriado oficial. Concursos de blocos, shows, matin\u00eas, bailes e mais desfiles s\u00e3o promovidos na Curva da Jurema, no Centro Hist\u00f3rico e em S\u00e3o Pedro.<\/p>\n<p>A festa no Centro Hist\u00f3rico tem uma fun\u00e7\u00e3o a mais, al\u00e9m de divertir todo mundo que segue os trios pela rua: ela \u00e9 chamada de Carnaval do Centro e \u00e9 promovida desde 2014 com o intuito de revitalizar e dar mais aten\u00e7\u00e3o a essa regi\u00e3o da cidade, refor\u00e7ando a\u00e7\u00f5es de seguran\u00e7a, limpeza e promo\u00e7\u00e3o de eventos culturais.<\/p>\n<h3>Festa das Paneleiras<\/h3>\n<p>A Festa das Peneleiras tem como objetivo divulgar o trabalho das paneleiras de Goiabeiras, em Vit\u00f3ria, al\u00e9m de montar feira para a venda desses produtos que s\u00e3o t\u00e3o queridos pelos tur\u00edsticas e moradores do estado.<\/p>\n<p>Al\u00e9m da divulga\u00e7\u00e3o e da venda, a festa se tornou um evento cultural que acontece na \u00faltima semana de outubro. Shows, apresenta\u00e7\u00f5es de dan\u00e7a, teatro e um card\u00e1pio recheado com a moqueca capixaba fazem parte da programa\u00e7\u00e3o.<\/p>\n<h3>Festa de Nossa Senhora da Penha<\/h3>\n<p>A Festa da Penha, que celebra a padroeira do Estado do Esp\u00edrito Santo \u2013 Nossa Senhora da Penha \u2013 acontece em Vila Velha anualmente, entre 24 de abril e 02 de maio. Ela \u00e9 considerada uma das cinco maiores festas religiosas do Brasil. Se voc\u00ea se interessa por turismo religioso, vale muito a pena visitar a cidade nesta \u00e9poca. H\u00e1 missas, feiras, romarias e shows grandiosos, com padres famosos.<\/p>\n<p>A apresenta\u00e7\u00e3o que n\u00e3o pode faltar nessa festa \u00e9 a de bandas de congo, que representam a parte folcl\u00f3rica do evento. A parte religiosa fica por conta das homenagens \u00e0 santa. Al\u00e9m disso, os mais devotos fazem prociss\u00f5es at\u00e9 o convento Nossa Senhora da Penha, no alto da montanha, que podem ser acompanhadas por todos.<\/p>\n<h3>Festa e Prociss\u00e3o Mar\u00edtima de S\u00e3o Pedro<\/h3>\n<p>As bandas de congo tamb\u00e9m marcam presen\u00e7a na prociss\u00e3o mar\u00edtima de S\u00e3o Pedro, que acontece na Praia do Su\u00e1, tamb\u00e9m na capital. A festa e a prociss\u00e3o s\u00e3o promovidas no m\u00eas de junho, em homenagem a S\u00e3o Pedro, o Santo Pescador e patrono dos pescadores.<\/p>\n<p>A Praia de Su\u00e1 \u00e9 a escolhida para a celebra\u00e7\u00e3o, porque foi l\u00e1 que os pescadores fundaram uma col\u00f4nia de origem portuguesa que ajudou a construir Vit\u00f3ria \u2013 e o Esp\u00edrito Santo \u2013 que conhecemos hoje.<\/p>\n<p>Al\u00e9m as apresenta\u00e7\u00f5es de congo, h\u00e1 a prociss\u00e3o mar\u00edtima realizada por dezenas de barcos que navegam sob fogos de artif\u00edcio e emociona todos os fi\u00e9is.<\/p>\n<h2>Passeios nos Arredores<\/h2>\n<p>Nem s\u00f3 de Vit\u00f3ria e Vila Velha vive a principal regi\u00e3o metropolitana do Esp\u00edrito Santo. Para voc\u00ea que deseja explorar mais a vizinhan\u00e7a da capital capixaba, conhe\u00e7a as outras cidades que guardam tesouros naturais, culturais e de lazer para os visitantes.<\/p>\n<h3>Viana &#8211; Trem das Montanhas<\/h3>\n<p>Um dos passeios mais procurados pelos turistas em Vit\u00f3ria \u00e9 o Trem das Montanhas. O passeio \u00e9 indicado para aqueles que querem aproveitar a viagem para visitar a regi\u00e3o serrana do Esp\u00edrito Santo e conhecer os dois lados do estado: o litoral e as montanhas.<\/p>\n<p>O trem faz o percurso Viana &#8211; Distrito de Araguaia todos os s\u00e1bados e domingos. O trecho compreende tamb\u00e9m as cidades serranas de Domingos Martins e Marechal Floriano, passando\u00a0por um trajeto onde \u00e9 poss\u00edvel ver trechos virgens da Mata Atl\u00e2ntica, cachoeiras bel\u00edssimas, pontes e t\u00faneis com estruturas inacredit\u00e1veis. N\u00f3s falamos desse incr\u00edvel passeio <a href=\"https:\/\/www.guiaviagensbrasil.com\/blog\/conheca-os-passeios-de-trem-pelo-brasil\/\" target=\"_blank\" rel=\"noopener\">neste post, confere l\u00e1<\/a>.<\/p>\n<h3>Cariacica<\/h3>\n<p>A cidade de Cariacica fica a apenas 15 km de Vit\u00f3ria e abriga a Esta\u00e7\u00e3o Pedro Nolasco, muito conhecida pelos turistas que viajam de trem at\u00e9 Minas Gerais. J\u00e1 comentamos dessa viagem <a href=\"https:\/\/www.guiaviagensbrasil.com\/blog\/conheca-os-passeios-de-trem-pelo-brasil\/\" target=\"_blank\" rel=\"noopener\">neste post<\/a>.<\/p>\n<p>O \u201ctrem-chefe\u201d da esta\u00e7\u00e3o sai de Cariacica com destino a Belo Horizonte e passa por diversas cidades do interior de Minas. A viagem \u00e9 longa, por\u00e9m compensa por conhecer outros cen\u00e1rios, pouco explorados pelos turistas. Os vag\u00f5es oferecem conforto e servi\u00e7os de lanchonete e restaurante.<\/p>\n<h3>Domingos Martins<\/h3>\n<p><a href=\"https:\/\/www.guiaviagensbrasil.com\/es\/domingos-martins\/\" target=\"_blank\" rel=\"noopener\">Domingos Martins<\/a> fica a aproximadamente 40 km de Vit\u00f3ria, j\u00e1 na regi\u00e3o serrana do Esp\u00edrito Santo, sendo uma das cidades mais famosas das montanhas capixabas. Repleta de pousadinhas e restaurantes charmosos, atrai muitos turistas, principalmente no inverno.<\/p>\n<p>Os mototuristas tem uma rota especial pelas montanhas capixabas e os ecoturistas fazem trilhas e escaladas no Parque Estadual da Pedra Azul, cart\u00e3o-postal da cidade com v\u00e1rias cachoeiras e a famosa forma\u00e7\u00e3o rochosa &#8211; a Pedra Azul &#8211; com seus 2 mil metros de altura que muda de cor conforme a dire\u00e7\u00e3o do sol.<\/p>\n<p><a href=\"https:\/\/www.guiaviagensbrasil.com\/blog\/wp-content\/uploads\/2016\/05\/foto-pedra-azul-domingos-martins-espirito-santo-fotografo-ricardo-junior1.jpg\"><img loading=\"lazy\" decoding=\"async\" class=\"aligncenter size-full wp-image-4618\" src=\"https:\/\/www.guiaviagensbrasil.com\/blog\/wp-content\/uploads\/2016\/05\/foto-pedra-azul-domingos-martins-espirito-santo-fotografo-ricardo-junior1.jpg\" alt=\"foto-pedra-azul-domingos-martins-espirito-santo-fotografo-ricardo-junior\" width=\"1200\" height=\"800\" srcset=\"https:\/\/www.guiaviagensbrasil.com\/blog\/wp-content\/uploads\/2016\/05\/foto-pedra-azul-domingos-martins-espirito-santo-fotografo-ricardo-junior1.jpg 1200w, https:\/\/www.guiaviagensbrasil.com\/blog\/wp-content\/uploads\/2016\/05\/foto-pedra-azul-domingos-martins-espirito-santo-fotografo-ricardo-junior1-300x200.jpg 300w, https:\/\/www.guiaviagensbrasil.com\/blog\/wp-content\/uploads\/2016\/05\/foto-pedra-azul-domingos-martins-espirito-santo-fotografo-ricardo-junior1-1024x683.jpg 1024w\" sizes=\"auto, (max-width: 1200px) 100vw, 1200px\" \/><\/a><\/p>\n<h3>Manguinhos<\/h3>\n<p>Manguinhos \u00e9 um famoso balne\u00e1rio que fica a 25 km da capital Vit\u00f3ria, formado por tr\u00eas praias com areia bem clara e \u00e1guas mansas: Enseada, Ponta dos Fachos e Chaleirinhas. As \u00e1guas s\u00e3o t\u00e3o calmas que piscinas naturais s\u00e3o formadas para o deleite dos turistas.<\/p>\n<p>Outros atrativos s\u00e3o os diversos bares e restaurantes que oferecem variados tipos de pratos com peixes e frutos do mar e, claro, a t\u00edpica moqueca capixaba.<\/p>\n<p>As pessoas que visitam Manguinhos costumam se reunir na pra\u00e7a principal do vilarejo, onde aos finais de semana, sempre existem feiras gastron\u00f4micas e de artesanato, embaladas por m\u00fasica ao vivo e eventos populares. O calend\u00e1rio do balne\u00e1rio \u00e9 movimentado. Se quiser conferir algumas dessas festas, fique atento \u00e0s datas:<\/p>\n<p style=\"padding-left: 30px;\">1. Janeiro: Festa de S\u00e3o Sebasti\u00e3o<br \/>\n2. Carnaval: Banho de Mar \u00e0 Fantasia<br \/>\n3. Mar\u00e7o: Manguinho\u2019s Jazz e Blues Festival (festival de m\u00fasica do vilarejo)<br \/>\n4. Setembro: Manguinho\u2019s Gourmet (festival de gastronomia do vilarejo)<\/p>\n<p>Em Manguinhos tamb\u00e9m \u00e9 poss\u00edvel comprar pescados frescos, que chegam prontos para a venda nos barcos pesqueiros, que param nas barraquinhas da pra\u00e7a principal, \u00e0s sombras das famosas castanheiras da regi\u00e3o.<\/p>\n<h3>Guarapari<\/h3>\n<p><a href=\"https:\/\/www.guiaviagensbrasil.com\/es\/guarapari\/\" target=\"_blank\" rel=\"noopener\">Guarapari<\/a> fica a pouco mais de 50 km de Vit\u00f3ria e \u00e9 l\u00e1 que ficam as praias <a href=\"https:\/\/www.guiaviagensbrasil.com\/blog\/cinco-melhores-praias-do-espirito-santo\/\" target=\"_blank\" rel=\"noopener\">mais famosas do Esp\u00edrito Santo,<\/a> tanto pelas praias de piscinas naturais, quanto pelas condi\u00e7\u00f5es de mergulho da regi\u00e3o, com \u00e1guas claras, rica biodiversidade e \u00f3tima visibilidade.<\/p>\n<p><a href=\"https:\/\/www.guiaviagensbrasil.com\/blog\/wp-content\/uploads\/2016\/05\/fotografia-praia-dos-namorados-guarapari-es1.jpg\"><img loading=\"lazy\" decoding=\"async\" class=\"aligncenter size-full wp-image-4619\" src=\"https:\/\/www.guiaviagensbrasil.com\/blog\/wp-content\/uploads\/2016\/05\/fotografia-praia-dos-namorados-guarapari-es1.jpg\" alt=\"fotografia-praia-dos-namorados-guarapari-es\" width=\"1200\" height=\"800\" srcset=\"https:\/\/www.guiaviagensbrasil.com\/blog\/wp-content\/uploads\/2016\/05\/fotografia-praia-dos-namorados-guarapari-es1.jpg 1200w, https:\/\/www.guiaviagensbrasil.com\/blog\/wp-content\/uploads\/2016\/05\/fotografia-praia-dos-namorados-guarapari-es1-300x200.jpg 300w, https:\/\/www.guiaviagensbrasil.com\/blog\/wp-content\/uploads\/2016\/05\/fotografia-praia-dos-namorados-guarapari-es1-1024x683.jpg 1024w\" sizes=\"auto, (max-width: 1200px) 100vw, 1200px\" \/><\/a><\/p>\n<p>As praias limpas e com o mar calmo atraem muitas fam\u00edlias que v\u00e3o at\u00e9 Guarapari passar o ver\u00e3o e curtir o mar. Os jovens, por sua vez, aproveitam o que h\u00e1 de melhor nas casas noturnas no Estado.<\/p>\n<h3>Ita\u00fanas<\/h3>\n<p>J\u00e1 mais afastado de Vit\u00f3ria, a 281 km da capital, fica o distrito de <a href=\"https:\/\/www.guiaviagensbrasil.com\/es\/itaunas\/\" target=\"_blank\" rel=\"noopener\">Ita\u00fanas<\/a>, que faz parte da cidade de Concei\u00e7\u00e3o da Barra. Se voc\u00ea possui mais alguns dias na regi\u00e3o e est\u00e1 disposto a andar mais um pouquinho, Ita\u00fanas \u00e9 um lugar que vale a pena ser visitado. Mar e rios est\u00e3o \u00e0 disposi\u00e7\u00e3o dos visitantes, onde \u00e9 poss\u00edvel nadar e aproveitar uma bela vista da mata e das dunas. Mas, quem pensa que Ita\u00fanas \u00e9 s\u00f3 sossego e natureza, est\u00e1 enganado. O forr\u00f3 embala o distrito por horas a fio e, na alta temporada, s\u00f3 vai parar na manh\u00e3 seguinte.<\/p>\n<h2>Onde se Hospedar<\/h2>\n<h3>Em Vit\u00f3ria<\/h3>\n<p>Vit\u00f3ria n\u00e3o \u00e9 uma cidade grande, apesar de ser uma capital, e isso faz com que as <a href=\"https:\/\/www.guiaviagensbrasil.com\/es\/hoteis-e-pousadas-em-vitoria\/\" target=\"_blank\" rel=\"noopener\">op\u00e7\u00f5es de hospedagem<\/a> fiquem concentradas. E \u00e9 na orla da Praia do Canto e da Praia de Camburi que fica a maioria dos hot\u00e9is da cidade, e, felizmente, as duas regi\u00f5es s\u00e3o muito boas tanto para os turistas, quanto para empres\u00e1rios que precisam visitar Vit\u00f3ria a neg\u00f3cios.<\/p>\n<p>Os dois locais tamb\u00e9m contam a presen\u00e7a de <a href=\"https:\/\/www.guiaviagensbrasil.com\/es\/onde-comer-em-vitoria\/\" target=\"_blank\" rel=\"noopener\">v\u00e1rios restaurantes<\/a> e outras op\u00e7\u00f5es de lazer e com\u00e9rcio. Por ser tudo muito perto, os turistas n\u00e3o precisam de longo tempo de deslocamento entre as atra\u00e7\u00f5es.<\/p>\n<p>Quando o quesito \u00e9 custo-benef\u00edcio, a Praia do Canto pode ganhar. Ela fica em um bairro nobre, mas oferece op\u00e7\u00f5es de hotel entre pre\u00e7os m\u00e9dios e baixos. Vale lembrar que alguns hot\u00e9is disp\u00f5em de di\u00e1rias mais baratas aos finais de semana. Isso acontece porque Vit\u00f3ria &#8211; centro comercial do Esp\u00edrito Santo &#8211; recebe muitos turistas empresariais e esse p\u00fablico ocupa as hospedagens durante a semana. Entretanto, v\u00e3o embora nos finais de semana, dando a chance de visitar a cidade com um descontinho!<\/p>\n<h3>Em Vila Velha<\/h3>\n<p>Se voc\u00ea prefere se hospedar em frente ao mar e andar pouco para chegar at\u00e9 a areia, ent\u00e3o a melhor op\u00e7\u00e3o \u00e9 ficar em Vila Velha \u2013 de prefer\u00eancia na regi\u00e3o da Praia da Costa. Al\u00e9m de <a href=\"https:\/\/www.guiaviagensbrasil.com\/es\/hoteis-e-pousadas-em-vila-velha\/\" target=\"_blank\" rel=\"noopener\">possui hot\u00e9is ainda mais pr\u00f3ximos \u00e0 orla<\/a>, as condi\u00e7\u00f5es de mar e mergulho na cidade vizinha \u00e0 capital s\u00e3o melhores. E voc\u00ea n\u00e3o precisa deixar de conhecer Vit\u00f3ria se escolher ficar em Vila Velha, afinal, apenas 12 km separam as duas principais cidades do Esp\u00edrito Santo.<\/p>\n<p>O aeroporto de Vit\u00f3ria est\u00e1 a apenas 15 km da Praia da Costa, com acesso f\u00e1cil e r\u00e1pido tanto de carro, quanto de transporte p\u00fablico, ou t\u00e1xi.<\/p>\n<h2>Quando ir<\/h2>\n<p>O Esp\u00edrito Santo \u00e9 bastante ensolarado praticamente o ano todo. De outubro a dezembro costuma chover mais, o que pode prejudicar alguns dias de praia. Entretanto, se seu interesse \u00e9 apenas nas \u00e1guas do mar, n\u00e3o aconselhamos ir no outono\/inverno, j\u00e1 que as \u00e1guas s\u00e3o mais frias que as vizinhas Bahia e Rio de Janeiro. Mas, j\u00e1 no ver\u00e3o o mergulho est\u00e1 liberado com \u00e1guas mais mornas.<\/p>\n<p>***<br \/>\nPronto para curtir Vit\u00f3ria e Vila Velha? Faltou alguma dica ou atra\u00e7\u00e3o? Conte pra gente!<\/p>\n<div class=\"borda\">\n<h3>Links relacionados<\/h3>\n<ul style=\"color: #666666;\">\n<li><a style=\"color: #663399;\" title=\"Veja as galerias de fotos da Ilha do Mel\" href=\"https:\/\/www.guiaviagensbrasil.com\/galerias\/es\/fotos-de-vitoria\/\" target=\"_blank\" rel=\"noopener\">Galerias de fotos de Vit\u00f3ria<\/a><\/li>\n<li><a style=\"color: #663399;\" title=\"Veja imagens 360\u00b0 da Ilha do Mel\" href=\"https:\/\/www.guiaviagensbrasil.com\/galerias\/es\/fotos-vila-velha\/\" target=\"_blank\" rel=\"noopener\">Galeria de fotos de Vila Velha<\/a><\/li>\n<li><a style=\"color: #663399;\" title=\"Conhe\u00e7a mais sobre a Ilha do Mel, no Paran\u00e1.\" href=\"https:\/\/www.guiaviagensbrasil.com\/blog\/areia-mar-terra-e-montanha-a-bela-guarapari-no-es\/\" target=\"_blank\" rel=\"noopener\">A Bela Guarapari: saiba mais<\/a><\/li>\n<\/ul>\n<\/div>\n","protected":false},"excerpt":{"rendered":"<p>Como toda capital brasileira, Vit\u00f3ria tem atra\u00e7\u00f5es para os turistas durante todo o ano. E n\u00e3o \u00e9 diferente com a vizinha Vila Velha, formando a dobradinha mais famosa do Esp\u00edrito Santo. Uma boa vantagem \u00e9 que as duas cidades n\u00e3o ficam lotadas em per\u00edodos espec\u00edficos, sendo o turismo bem distribu\u00eddo durante todo ano, justamente pela [&hellip;]<\/p>\n","protected":false},"author":4,"featured_media":4603,"comment_status":"open","ping_status":"open","sticky":false,"template":"","format":"standard","meta":{"footnotes":""},"categories":[102],"tags":[169,280,281],"class_list":["post-4598","post","type-post","status-publish","format-standard","has-post-thumbnail","hentry","category-destinos-de-praia","tag-espirito-santo","tag-vila-velha","tag-vitoria"],"aioseo_notices":[],"_links":{"self":[{"href":"https:\/\/www.guiaviagensbrasil.com\/blog\/wp-json\/wp\/v2\/posts\/4598","targetHints":{"allow":["GET"]}}],"collection":[{"href":"https:\/\/www.guiaviagensbrasil.com\/blog\/wp-json\/wp\/v2\/posts"}],"about":[{"href":"https:\/\/www.guiaviagensbrasil.com\/blog\/wp-json\/wp\/v2\/types\/post"}],"author":[{"embeddable":true,"href":"https:\/\/www.guiaviagensbrasil.com\/blog\/wp-json\/wp\/v2\/users\/4"}],"replies":[{"embeddable":true,"href":"https:\/\/www.guiaviagensbrasil.com\/blog\/wp-json\/wp\/v2\/comments?post=4598"}],"version-history":[{"count":4,"href":"https:\/\/www.guiaviagensbrasil.com\/blog\/wp-json\/wp\/v2\/posts\/4598\/revisions"}],"predecessor-version":[{"id":7456,"href":"https:\/\/www.guiaviagensbrasil.com\/blog\/wp-json\/wp\/v2\/posts\/4598\/revisions\/7456"}],"wp:featuredmedia":[{"embeddable":true,"href":"https:\/\/www.guiaviagensbrasil.com\/blog\/wp-json\/wp\/v2\/media\/4603"}],"wp:attachment":[{"href":"https:\/\/www.guiaviagensbrasil.com\/blog\/wp-json\/wp\/v2\/media?parent=4598"}],"wp:term":[{"taxonomy":"category","embeddable":true,"href":"https:\/\/www.guiaviagensbrasil.com\/blog\/wp-json\/wp\/v2\/categories?post=4598"},{"taxonomy":"post_tag","embeddable":true,"href":"https:\/\/www.guiaviagensbrasil.com\/blog\/wp-json\/wp\/v2\/tags?post=4598"}],"curies":[{"name":"wp","href":"https:\/\/api.w.org\/{rel}","templated":true}]}}