{"id":2463,"date":"2015-06-18T19:30:19","date_gmt":"2015-06-18T22:30:19","guid":{"rendered":"https:\/\/www.guiaviagensbrasil.com\/blog\/?p=2463"},"modified":"2019-07-13T16:21:53","modified_gmt":"2019-07-13T19:21:53","slug":"festas-juninas-pelo-brasil","status":"publish","type":"post","link":"https:\/\/www.guiaviagensbrasil.com\/blog\/festas-juninas-pelo-brasil\/","title":{"rendered":"Festas Juninas pelo Brasil"},"content":{"rendered":"\n\n<div class=\"kk-star-ratings kksr-auto kksr-align-left kksr-valign-top\"\n    data-payload='{&quot;align&quot;:&quot;left&quot;,&quot;id&quot;:&quot;2463&quot;,&quot;slug&quot;:&quot;default&quot;,&quot;valign&quot;:&quot;top&quot;,&quot;ignore&quot;:&quot;&quot;,&quot;reference&quot;:&quot;auto&quot;,&quot;class&quot;:&quot;&quot;,&quot;count&quot;:&quot;0&quot;,&quot;legendonly&quot;:&quot;&quot;,&quot;readonly&quot;:&quot;&quot;,&quot;score&quot;:&quot;0&quot;,&quot;starsonly&quot;:&quot;&quot;,&quot;best&quot;:&quot;5&quot;,&quot;gap&quot;:&quot;4&quot;,&quot;greet&quot;:&quot;Avalie este artigo&quot;,&quot;legend&quot;:&quot;0\\\/5 - (0 votes)&quot;,&quot;size&quot;:&quot;24&quot;,&quot;title&quot;:&quot;Festas Juninas pelo Brasil&quot;,&quot;width&quot;:&quot;0&quot;,&quot;_legend&quot;:&quot;{score}\\\/{best} - ({count} {votes})&quot;,&quot;font_factor&quot;:&quot;1.25&quot;}'>\n            \n<div class=\"kksr-stars\">\n    \n<div class=\"kksr-stars-inactive\">\n            <div class=\"kksr-star\" data-star=\"1\" style=\"padding-right: 4px\">\n            \n\n<div class=\"kksr-icon\" style=\"width: 24px; height: 24px;\"><\/div>\n        <\/div>\n            <div class=\"kksr-star\" data-star=\"2\" style=\"padding-right: 4px\">\n            \n\n<div class=\"kksr-icon\" style=\"width: 24px; height: 24px;\"><\/div>\n        <\/div>\n            <div class=\"kksr-star\" data-star=\"3\" style=\"padding-right: 4px\">\n            \n\n<div class=\"kksr-icon\" style=\"width: 24px; height: 24px;\"><\/div>\n        <\/div>\n            <div class=\"kksr-star\" data-star=\"4\" style=\"padding-right: 4px\">\n            \n\n<div class=\"kksr-icon\" style=\"width: 24px; height: 24px;\"><\/div>\n        <\/div>\n            <div class=\"kksr-star\" data-star=\"5\" style=\"padding-right: 4px\">\n            \n\n<div class=\"kksr-icon\" style=\"width: 24px; height: 24px;\"><\/div>\n        <\/div>\n    <\/div>\n    \n<div class=\"kksr-stars-active\" style=\"width: 0px;\">\n            <div class=\"kksr-star\" style=\"padding-right: 4px\">\n            \n\n<div class=\"kksr-icon\" style=\"width: 24px; height: 24px;\"><\/div>\n        <\/div>\n            <div class=\"kksr-star\" style=\"padding-right: 4px\">\n            \n\n<div class=\"kksr-icon\" style=\"width: 24px; height: 24px;\"><\/div>\n        <\/div>\n            <div class=\"kksr-star\" style=\"padding-right: 4px\">\n            \n\n<div class=\"kksr-icon\" style=\"width: 24px; height: 24px;\"><\/div>\n        <\/div>\n            <div class=\"kksr-star\" style=\"padding-right: 4px\">\n            \n\n<div class=\"kksr-icon\" style=\"width: 24px; height: 24px;\"><\/div>\n        <\/div>\n            <div class=\"kksr-star\" style=\"padding-right: 4px\">\n            \n\n<div class=\"kksr-icon\" style=\"width: 24px; height: 24px;\"><\/div>\n        <\/div>\n    <\/div>\n<\/div>\n                \n\n<div class=\"kksr-legend\" style=\"font-size: 19.2px;\">\n            <span class=\"kksr-muted\">Avalie este artigo<\/span>\n    <\/div>\n    <\/div>\n<p>Dia 24 de junho \u00e9 S\u00e3o Jo\u00e3o e esta data \u00e9 especial para os brasileiros. De norte a sul do pa\u00eds pipocam festejos em homenagem ao santo.\u00a0Campina Grande &#8211; PB e Caruaru &#8211; PE s\u00e3o, certamente, as mais famosas, mas tem muito mais &#8220;arrai\u00e1s&#8221; animados com dan\u00e7a, culin\u00e1ria t\u00edpica e, claro, muito forr\u00f3.<\/p>\n<p>A programa\u00e7\u00e3o \u00e9 extensa e algumas comemora\u00e7\u00f5es adentram o m\u00eas de julho. Confira algumas\u00a0das festas pelo Brasil afora!<\/p>\n<h2>Aracaju &#8211; SE<\/h2>\n<p>A orla da Praia de Atalaia se enfeita toda para o S\u00e3o Jo\u00e3o do Povo, realizado na Centro de Arte e Cultura de Sergipe, que se transforma em uma vila de forr\u00f3 e muitos quitutes t\u00edpicos. No Centro de <a title=\"Conhe\u00e7a mais sobre Aracaju - SE.\" href=\"https:\/\/www.guiaviagensbrasil.com\/se\/aracaju\/\" target=\"_blank\" rel=\"noopener noreferrer\">Aracaju<\/a>, a festa continua com o Forr\u00f3 Caju, este ano realizado de 19 a 29 de junho na Pra\u00e7a de Eventos &#8211; entre os mercados municipais.\u00a0O Forr\u00f3 Caju re\u00fane cerca de\u00a01 milh\u00e3o de pessoas e tem uma programa\u00e7\u00e3o(www.confiramais.com.br) variada, incluindo show de artistas famosos.<\/p>\n<div id=\"attachment_2466\" style=\"width: 770px\" class=\"wp-caption aligncenter\"><a href=\"https:\/\/www.guiaviagensbrasil.com\/blog\/wp-content\/uploads\/2015\/06\/arcos-praia-atalaia-aracaju.jpg\"><img loading=\"lazy\" decoding=\"async\" aria-describedby=\"caption-attachment-2466\" class=\"wp-image-2466\" src=\"https:\/\/www.guiaviagensbrasil.com\/blog\/wp-content\/uploads\/2015\/06\/arcos-praia-atalaia-aracaju.jpg\" alt=\"Arcos da Praia de Atalaia, um dos cart\u00f5es-postais de Aracaju, SE. &lt;br \/&gt; Fotos de Ricardo Junior \/ www.ricardojuniorfotografias.com.br\" width=\"760\" height=\"507\" srcset=\"https:\/\/www.guiaviagensbrasil.com\/blog\/wp-content\/uploads\/2015\/06\/arcos-praia-atalaia-aracaju.jpg 1200w, https:\/\/www.guiaviagensbrasil.com\/blog\/wp-content\/uploads\/2015\/06\/arcos-praia-atalaia-aracaju-300x200.jpg 300w, https:\/\/www.guiaviagensbrasil.com\/blog\/wp-content\/uploads\/2015\/06\/arcos-praia-atalaia-aracaju-1024x683.jpg 1024w\" sizes=\"auto, (max-width: 760px) 100vw, 760px\" \/><\/a><p id=\"caption-attachment-2466\" class=\"wp-caption-text\">Arcos da Praia de Atalaia, um dos cart\u00f5es-postais de Aracaju, SE. <br \/>Fotos de Ricardo Junior \/ www.ricardojuniorfotografias.com.br<\/p><\/div>\n<p>Al\u00e9m disso, acontece na Zona Sul da cidade, o Concurso de Quadrilhas Juninas Levanta Poeira, que est\u00e1 em sua d\u00e9cima edi\u00e7\u00e3o e re\u00fane 20 grupos que levantam a poeira e toda arquibancada do Gin\u00e1sio de Esportes do Sesi no Conjunto Augusto Franco, palco da competi\u00e7\u00e3o.<\/p>\n<div class=\"borda\">\n<h3>Links relacionados<\/h3>\n<ul style=\"color: #666666;\">\n<li><a style=\"color: #663399;\" title=\"Veja as galerias de fotos de Aracaju\" href=\"https:\/\/www.guiaviagensbrasil.com\/galerias\/se\/fotos-de-aracaju\/\" target=\"_blank\" rel=\"noopener noreferrer\">Galerias de fotos de Aracaju<\/a><\/li>\n<li><a style=\"color: #663399;\" title=\"Veja onde comer em Aracaju - SE.\" href=\"https:\/\/www.guiaviagensbrasil.com\/se\/onde-comer-em-aracaju\/\" target=\"_blank\" rel=\"noopener noreferrer\">Veja onde comer em Aracaju<\/a><\/li>\n<\/ul>\n<\/div>\n<h2>S\u00e3o Jo\u00e3o na Bahia<\/h2>\n<p>Quem acha que na Bahia s\u00f3 tem ax\u00e9 est\u00e1 muito enganado. O forr\u00f3 toma conta da capital baiana e das cidades do interior, como <a title=\"Conhe\u00e7a mais Porto Seguro - BA.\" href=\"https:\/\/www.guiaviagensbrasil.com\/ba\/porto-seguro\/\" target=\"_blank\" rel=\"noopener noreferrer\">Porto Seguro<\/a>,\u00a0Amargosa, S\u00e3o Francisco do Conde e <a title=\"Conhe\u00e7a mais de Valen\u00e7a - BA.\" href=\"https:\/\/www.guiaviagensbrasil.com\/ba\/valenca\/\" target=\"_blank\" rel=\"noopener noreferrer\">Valen\u00e7a<\/a>. \u00c9 o S\u00e3o Jo\u00e3o na Bahia &#8211; confira a programa\u00e7\u00e3o.<\/p>\n<p>O Pelourinho fica com um colorido diferente a partir do dia 20 de junho: s\u00e3o as bandeirinhas espalhadas pelos pr\u00e9dios hist\u00f3ricos. A festa que segue at\u00e9 depois do S\u00e3o Jo\u00e3o (24) conta com barracas de quitutes t\u00edpicos, apresenta\u00e7\u00e3o de quadrilhas e v\u00e1rios shows, que movimentam o Centro Hist\u00f3rico de <a title=\"Conhe\u00e7a mais sobre Salvador, capital da Bahia.\" href=\"https:\/\/www.guiaviagensbrasil.com\/ba\/salvador\/\" target=\"_blank\" rel=\"noopener noreferrer\">Salvador<\/a>.<\/p>\n<div id=\"attachment_2470\" style=\"width: 770px\" class=\"wp-caption aligncenter\"><a href=\"https:\/\/www.guiaviagensbrasil.com\/blog\/wp-content\/uploads\/2015\/06\/foto-pelourinho-salvador-bahia-brasil-0758.jpg\"><img loading=\"lazy\" decoding=\"async\" aria-describedby=\"caption-attachment-2470\" class=\"wp-image-2470\" src=\"https:\/\/www.guiaviagensbrasil.com\/blog\/wp-content\/uploads\/2015\/06\/foto-pelourinho-salvador-bahia-brasil-0758.jpg\" alt=\"Pelourinho ganha ainda mais colorido com as bandeirinhas de S\u00e3o Jo\u00e3o, na Bahia. Fotos de Ricardo Junior \/ www.ricardojuniorfotografias.com.br\" width=\"760\" height=\"507\" srcset=\"https:\/\/www.guiaviagensbrasil.com\/blog\/wp-content\/uploads\/2015\/06\/foto-pelourinho-salvador-bahia-brasil-0758.jpg 1200w, https:\/\/www.guiaviagensbrasil.com\/blog\/wp-content\/uploads\/2015\/06\/foto-pelourinho-salvador-bahia-brasil-0758-300x200.jpg 300w, https:\/\/www.guiaviagensbrasil.com\/blog\/wp-content\/uploads\/2015\/06\/foto-pelourinho-salvador-bahia-brasil-0758-1024x683.jpg 1024w\" sizes=\"auto, (max-width: 760px) 100vw, 760px\" \/><\/a><p id=\"caption-attachment-2470\" class=\"wp-caption-text\">Pelourinho ganha ainda mais colorido com as bandeirinhas de S\u00e3o Jo\u00e3o, na Bahia. <br \/>Fotos de Ricardo Junior \/ www.ricardojuniorfotografias.com.br<\/p><\/div>\n<p>Porto Seguro promove o S\u00e3o Jo\u00e3o El\u00e9trico, que promete animar a cidade entre os dias 20 e 23 de junho, na Passarela do Descobrimento.<\/p>\n<p>J\u00e1 Ibicu\u00ed tem a Brega Light e Cruz das Almas, S\u00e3o Francisco do Conde e Valen\u00e7a realizam os festejos tradicionais, com quadrilhas, jogos, forr\u00f3 e muita comida. Divers\u00e3o para toda fam\u00edlia.<\/p>\n<div class=\"borda\">\n<h3>Links relacionados<\/h3>\n<ul style=\"color: #666666;\">\n<li><a style=\"color: #663399;\" title=\"Fa\u00e7a um tour virtual 360\u00b0 em Salvador.\" href=\"https:\/\/www.guiaviagensbrasil.com\/imagens360\/ba\/imagens-360-graus-salvador\/\" target=\"_blank\" rel=\"noopener noreferrer\">Imagens 360\u00b0 de Salvador<\/a><\/li>\n<li><a style=\"color: #663399;\" title=\"PORTO SEGURO: Muito mais que a Terra do Descobrimento\" href=\"https:\/\/www.guiaviagensbrasil.com\/blog\/porto-seguro-muito-mais-que-a-terra-do-descobrimento\/\" target=\"_blank\" rel=\"noopener noreferrer\">Porto Seguro: muito mais que a Terra do Descobrimento<\/a><\/li>\n<\/ul>\n<\/div>\n<h2>Belo Horizonte &#8211; MG<\/h2>\n<p>A capital mineira fica caipira com o Arraial de Bel\u00f4, que re\u00fane muitos moradores e turistas. Fogueira, leil\u00e3o de prendas, forr\u00f3 e quadrilhas fazem parte da programa\u00e7\u00e3o.<\/p>\n<div id=\"attachment_2469\" style=\"width: 770px\" class=\"wp-caption aligncenter\"><a href=\"https:\/\/www.guiaviagensbrasil.com\/blog\/wp-content\/uploads\/2015\/06\/foto-praca-do-papa-em-belo-horizonte-mg-0882.jpg\"><img loading=\"lazy\" decoding=\"async\" aria-describedby=\"caption-attachment-2469\" class=\"wp-image-2469\" src=\"https:\/\/www.guiaviagensbrasil.com\/blog\/wp-content\/uploads\/2015\/06\/foto-praca-do-papa-em-belo-horizonte-mg-0882.jpg\" alt=\"Pra\u00e7a do Papa, com uma vista linda de Belo Horizonte, que promove o Arraial de Bel\u00f4. Fotos de Ricardo Junior \/ www.ricardojuniorfotografias.com.br\" width=\"760\" height=\"507\" srcset=\"https:\/\/www.guiaviagensbrasil.com\/blog\/wp-content\/uploads\/2015\/06\/foto-praca-do-papa-em-belo-horizonte-mg-0882.jpg 1200w, https:\/\/www.guiaviagensbrasil.com\/blog\/wp-content\/uploads\/2015\/06\/foto-praca-do-papa-em-belo-horizonte-mg-0882-300x200.jpg 300w, https:\/\/www.guiaviagensbrasil.com\/blog\/wp-content\/uploads\/2015\/06\/foto-praca-do-papa-em-belo-horizonte-mg-0882-1024x683.jpg 1024w\" sizes=\"auto, (max-width: 760px) 100vw, 760px\" \/><\/a><p id=\"caption-attachment-2469\" class=\"wp-caption-text\">Pra\u00e7a do Papa, com uma vista linda de Belo Horizonte, que promove o Arraial de Bel\u00f4. <br \/>Fotos de Ricardo Junior \/ www.ricardojuniorfotografias.com.br<\/p><\/div>\n<p>Em <a title=\"Conhe\u00e7a mais sobre Belo Horizonte, MG.\" href=\"https:\/\/www.guiaviagensbrasil.com\/mg\/belo-horizonte\/\" target=\"_blank\" rel=\"noopener noreferrer\">Belo Horizonte<\/a>\u00a0nem precisa falar que as comidas t\u00edpicas ganham um sabor a mais, inclusive com as cacha\u00e7as de Minas, que aquecem as noites frias dos finais de semana, quando \u00e9 realizada festa de S\u00e3o Jo\u00e3o.<\/p>\n<div class=\"borda\">\n<h3>Links relacionados<\/h3>\n<ul style=\"color: #666666;\">\n<li><a style=\"color: #663399;\" title=\"Veja imagens 360\u00b0 de Belo Horizonte\" href=\"https:\/\/www.guiaviagensbrasil.com\/imagens360\/mg\/imagens-360-graus-belo-horizonte\/\" target=\"_blank\" rel=\"noopener noreferrer\">Imagens 360\u00b0 de Belo Horizonte<\/a><\/li>\n<li><a style=\"color: #663399;\" title=\"Hist\u00f3rias e curiosidades de Belo Horizonte\" href=\"https:\/\/www.guiaviagensbrasil.com\/blog\/historias-e-curiosidades-de-belo-horizonte\/\" target=\"_blank\" rel=\"noopener noreferrer\">Curiosidade sobre Belo Horizonte<\/a><\/li>\n<\/ul>\n<\/div>\n<h2>Rio de Janeiro &#8211; RJ<\/h2>\n<p>A Cidade Maravilhosa tem o Centro de Tradi\u00e7\u00f5es Nordestinas, no bairro de S\u00e3o Crist\u00f3v\u00e3o, como palco do seu S\u00e3o Jo\u00e3o. Com muitos shows, quadrilhas, comidas t\u00edpicas e forr\u00f3 at\u00e9 o dia amanhecer.<\/p>\n<p>O S\u00e3o Jo\u00e3o carioca ganha muita anima\u00e7\u00e3o tamb\u00e9m nas igrejas das zonas sul, norte e oeste, com arraiais nos bairros do <a title=\"Conhe\u00e7a mais sobre o Rio de Janeiro - RJ.\" href=\"https:\/\/www.guiaviagensbrasil.com\/rj\/rio-de-janeiro\/\" target=\"_blank\" rel=\"noopener noreferrer\">Rio de Janeiro<\/a>, onde tem decora\u00e7\u00e3o tradicional, barraquinhas e trios de forr\u00f3.<\/p>\n<div class=\"borda\">\n<h3>Links relacionados<\/h3>\n<ul style=\"color: #666666;\">\n<li><a style=\"color: #663399;\" title=\"Veja imagens 360\u00b0 do Rio de Janeiro\" href=\"https:\/\/www.guiaviagensbrasil.com\/imagens360\/rj\/imagens-360-graus-rio-de-janeiro\/\" target=\"_blank\" rel=\"noopener noreferrer\">Imagens 360\u00b0 do Rio de Janeiro<\/a><\/li>\n<li><a style=\"color: #663399;\" title=\"5 Lugares para Curtir o Rio de Janeiro de Forma Econ\u00f4mica\" href=\"https:\/\/www.guiaviagensbrasil.com\/blog\/5-lugares-para-curtir-o-rio-de-janeiro-de-forma-economica\/\" target=\"_blank\" rel=\"noopener noreferrer\">Viaje barato para o Rio de Janeiro<\/a><\/li>\n<\/ul>\n<\/div>\n<h2>S\u00e3o Luis do Paraitinga &#8211; SP<\/h2>\n<p>A festeira cidade de <a title=\"Conhe\u00e7a mais sobre S\u00e3o Luis do Paraitinga - SP.\" href=\"https:\/\/www.guiaviagensbrasil.com\/sp\/sao-luiz-do-paraitinga\/\" target=\"_blank\" rel=\"noopener noreferrer\">S\u00e3o Luis do Paraitinga<\/a>, a 172 quil\u00f4metros de S\u00e3o Paulo, promove tamb\u00e9m o S\u00e3o Jo\u00e3o mais animado do Estado, com direito a quermesse, casamento caipira, correio elegante, cadeia, bingos, concurso de quadrilhas e, claro, comida e muito forr\u00f3.<\/p>\n<div id=\"attachment_2468\" style=\"width: 770px\" class=\"wp-caption aligncenter\"><a href=\"https:\/\/www.guiaviagensbrasil.com\/blog\/wp-content\/uploads\/2015\/06\/casas-sao-luiz-do-paraitinga-sp.jpg\"><img loading=\"lazy\" decoding=\"async\" aria-describedby=\"caption-attachment-2468\" class=\"wp-image-2468\" src=\"https:\/\/www.guiaviagensbrasil.com\/blog\/wp-content\/uploads\/2015\/06\/casas-sao-luiz-do-paraitinga-sp.jpg\" alt=\"Famosa pelo Carnaval, S\u00e3o Luis do Paraitinga tamb\u00e9m recebe o colorido de S\u00e3o Jo\u00e3o, em S\u00e3o Paulo. Fotos de Ricardo Junior \/ www.ricardojuniorfotografias.com.br\" width=\"760\" height=\"507\" srcset=\"https:\/\/www.guiaviagensbrasil.com\/blog\/wp-content\/uploads\/2015\/06\/casas-sao-luiz-do-paraitinga-sp.jpg 1200w, https:\/\/www.guiaviagensbrasil.com\/blog\/wp-content\/uploads\/2015\/06\/casas-sao-luiz-do-paraitinga-sp-300x200.jpg 300w, https:\/\/www.guiaviagensbrasil.com\/blog\/wp-content\/uploads\/2015\/06\/casas-sao-luiz-do-paraitinga-sp-1024x683.jpg 1024w\" sizes=\"auto, (max-width: 760px) 100vw, 760px\" \/><\/a><p id=\"caption-attachment-2468\" class=\"wp-caption-text\">Famosa pelo Carnaval, S\u00e3o Luis do Paraitinga tamb\u00e9m recebe o colorido de S\u00e3o Jo\u00e3o, em S\u00e3o Paulo. <br \/>Fotos de Ricardo Junior \/ www.ricardojuniorfotografias.com.br<\/p><\/div>\n<p>A cidade tamb\u00e9m tem o Festival de M\u00fasica Junina, que re\u00fane m\u00fasicos de todo Brasil para tocar e curtir, al\u00e9m do forr\u00f3, bai\u00e3o, xote, valsa, marcha e rancheira.<\/p>\n<div class=\"borda\">\n<h3>Links relacionados<\/h3>\n<ul style=\"color: #666666;\">\n<li><a style=\"color: #663399;\" title=\"Veja as galerias de fotos de S\u00e3o Luis do Paraitinga\" href=\"https:\/\/www.guiaviagensbrasil.com\/galerias\/sp\/fotos-sao-luiz-do-paraitinga\/\" target=\"_blank\" rel=\"noopener noreferrer\">Galerias de fotos de S\u00e3o Luis do Paraitinga<\/a><\/li>\n<li><a style=\"color: #663399;\" title=\"O CARNAVAL est\u00e1 CHEGANDO: Escolha sua Festa e Corra pra Folia!\" href=\"https:\/\/www.guiaviagensbrasil.com\/blog\/o-carnaval-esta-chegando-escolha-sua-festa-e-corra-pra-folia\/\" target=\"_blank\" rel=\"noopener noreferrer\">O Carnaval tamb\u00e9m \u00e9 tradicional na cidade<\/a><\/li>\n<\/ul>\n<\/div>\n<h2>Bras\u00edlia &#8211; DF<\/h2>\n<p>A forte influ\u00eancia nordestina na Capital do Brasil \u00e9 reconhecida, ainda mais, na \u00e9poca de S\u00e3o Jo\u00e3o. Em v\u00e1rios pontos de <a title=\"Conhe\u00e7a mais sobre Bras\u00edlia, nossa Capital Federal.\" href=\"https:\/\/www.guiaviagensbrasil.com\/df\/brasilia\/\" target=\"_blank\" rel=\"noopener noreferrer\">Bras\u00edlia<\/a> e tamb\u00e9m nas cidades sat\u00e9lites ocorrem os festejos, seja em col\u00e9gios, igrejas,\u00a0clubes, parques e sedes de associa\u00e7\u00f5es.<\/p>\n<p>Entre as atra\u00e7\u00f5es, shows musicais, apresenta\u00e7\u00f5es de quadrilhas, atra\u00e7\u00f5es folcl\u00f3ricas, fogueiras, brincadeiras e muita comida t\u00edpica.<\/p>\n<div class=\"borda\">\n<h3>Links relacionados<\/h3>\n<ul style=\"color: #666666;\">\n<li><a style=\"color: #663399;\" title=\"Veja o que fazer na Capital Federal\" href=\"https:\/\/www.guiaviagensbrasil.com\/df\/o-que-fazer-em-brasilia\/\" target=\"_blank\" rel=\"noopener noreferrer\">Veja o que fazer na Capital Federal<\/a><\/li>\n<li><a style=\"color: #663399;\" title=\"Curiosidades sobre Bras\u00edlia\" href=\"https:\/\/www.guiaviagensbrasil.com\/blog\/lugares-e-curiosidades-de-brasilia-a-capital-federal\/\" target=\"_blank\" rel=\"noopener noreferrer\">Curiosidades sobre Bras\u00edlia<\/a><\/li>\n<\/ul>\n<\/div>\n<h2>Fortaleza &#8211; CE<\/h2>\n<p>O Aterro da Praia de Iracema \u00e9 o palco do S\u00e3o Jo\u00e3o de <a title=\"Conhe\u00e7a mais sobre Fortaleza - CE.\" href=\"https:\/\/www.guiaviagensbrasil.com\/ce\/fortaleza\/\" target=\"_blank\" rel=\"noopener noreferrer\">Fortaleza<\/a>, que acontece entre os dias 26 de junho e 5 de julho.<\/p>\n<div id=\"attachment_2467\" style=\"width: 770px\" class=\"wp-caption aligncenter\"><a href=\"https:\/\/www.guiaviagensbrasil.com\/blog\/wp-content\/uploads\/2015\/06\/calcadao-praia-do-centro-fortaleza-ce.jpg\"><img loading=\"lazy\" decoding=\"async\" aria-describedby=\"caption-attachment-2467\" class=\"wp-image-2467\" src=\"https:\/\/www.guiaviagensbrasil.com\/blog\/wp-content\/uploads\/2015\/06\/calcadao-praia-do-centro-fortaleza-ce.jpg\" alt=\"Cal\u00e7ad\u00e3o da Praia de Iracema, palco do S\u00e3o Jo\u00e3o de Fortaleza, CE. &lt;br \/&gt; Fotos de Ricardo Junior \/ www.ricardojuniorfotografias.com.br\" width=\"760\" height=\"507\" srcset=\"https:\/\/www.guiaviagensbrasil.com\/blog\/wp-content\/uploads\/2015\/06\/calcadao-praia-do-centro-fortaleza-ce.jpg 1200w, https:\/\/www.guiaviagensbrasil.com\/blog\/wp-content\/uploads\/2015\/06\/calcadao-praia-do-centro-fortaleza-ce-300x200.jpg 300w, https:\/\/www.guiaviagensbrasil.com\/blog\/wp-content\/uploads\/2015\/06\/calcadao-praia-do-centro-fortaleza-ce-1024x683.jpg 1024w\" sizes=\"auto, (max-width: 760px) 100vw, 760px\" \/><\/a><p id=\"caption-attachment-2467\" class=\"wp-caption-text\">Cal\u00e7ad\u00e3o da Praia de Iracema, palco do S\u00e3o Jo\u00e3o de Fortaleza, CE. <br \/>Fotos de Ricardo Junior \/ www.ricardojuniorfotografias.com.br<\/p><\/div>\n<p>A programa\u00e7\u00e3o(www.confiramais.com.br) conta com shows de artistas famosos, apresenta\u00e7\u00e3o de 30 quadrilhas juninas, \u00e1rea de jogos, comidas\u00a0t\u00edpicas e feira de produtos regionais.<\/p>\n<div class=\"borda\">\n<h3>Links relacionados<\/h3>\n<ul style=\"color: #666666;\">\n<li><a style=\"color: #663399;\" title=\"Veja as galerias de fotos de Fortaleza\" href=\"https:\/\/www.guiaviagensbrasil.com\/galerias\/ce\/fotos-de-fortaleza\/\" target=\"_blank\" rel=\"noopener noreferrer\">Galerias de fotos de Fortaleza<\/a><\/li>\n<li><a style=\"color: #663399;\" title=\"5 DIAS EM FORTALEZA: Belas praias, cultura e muita divers\u00e3o\" href=\"https:\/\/www.guiaviagensbrasil.com\/blog\/5-dias-em-fortaleza\/\" target=\"_blank\" rel=\"noopener noreferrer\">Roteiro de 5 dias em Fortaleza<\/a><\/li>\n<\/ul>\n<\/div>\n<h2>Mossor\u00f3 &#8211; RN<\/h2>\n<p>A cidade de <a title=\"Conhe\u00e7a mais sobre Mossor\u00f3 - RN.\" href=\"https:\/\/www.guiaviagensbrasil.com\/rn\/mossoro\/\" target=\"_blank\" rel=\"noopener noreferrer\">Mossor\u00f3<\/a>, a 276 quil\u00f4metros de Natal, tem o maior arraial do Rio Grande do Norte, com shows, quadrilhas, brincadeiras, comidas tipicas e feiras de artesanato. A cidade famosa por suas \u00e1guas termais recebe muitos turistas em junho que se aquecem tamb\u00e9m dan\u00e7ando muito no S\u00e3o Jo\u00e3o de Mossor\u00f3.<\/p>\n<div class=\"borda\">\n<h3>Links relacionados<\/h3>\n<ul style=\"color: #666666;\">\n<li><a style=\"color: #663399;\" title=\"Guia de Hot\u00e9is e Pousadas\" href=\"https:\/\/www.guiaviagensbrasil.com\/hoteis-e-pousadas\/\" target=\"_blank\" rel=\"noopener noreferrer\">Hot\u00e9is e Pousadas<\/a><\/li>\n<li><a style=\"color: #663399;\" title=\"Natal: a cidade do Sol\" href=\"https:\/\/www.guiaviagensbrasil.com\/blog\/natal-a-cidade-do-sol\/\" target=\"_blank\" rel=\"noopener noreferrer\">Conhe\u00e7a tamb\u00e9m Natal: Cidade\u00a0do Sol<\/a><\/li>\n<\/ul>\n<\/div>\n","protected":false},"excerpt":{"rendered":"<p>Dia 24 de junho \u00e9 S\u00e3o Jo\u00e3o e esta data \u00e9 especial para os brasileiros. De norte a sul do pa\u00eds pipocam festejos em homenagem ao santo.\u00a0Campina Grande &#8211; PB e Caruaru &#8211; PE s\u00e3o, certamente, as mais famosas, mas tem muito mais &#8220;arrai\u00e1s&#8221; animados com dan\u00e7a, culin\u00e1ria t\u00edpica e, claro, muito forr\u00f3. A programa\u00e7\u00e3o [&hellip;]<\/p>\n","protected":false},"author":4,"featured_media":2439,"comment_status":"open","ping_status":"open","sticky":false,"template":"","format":"standard","meta":{"footnotes":""},"categories":[241],"tags":[312,310,128,233,247,121,194,242,171,141,157,143,313,311,231,145,314],"class_list":["post-2463","post","type-post","status-publish","format-standard","has-post-thumbnail","hentry","category-festas-juninas","tag-amargosa-ba","tag-aracaju-se","tag-bahia","tag-belo-horizonte","tag-brasilia","tag-distrito-federal","tag-minas-gerais","tag-mossoro","tag-porto-seguro","tag-rio-de-janeiro","tag-rio-grande-do-norte","tag-salvador","tag-sao-francisco-do-conde-ba","tag-sao-luis-do-paraitinga-sp","tag-sao-paulo","tag-sergipe","tag-valenca-ba"],"aioseo_notices":[],"_links":{"self":[{"href":"https:\/\/www.guiaviagensbrasil.com\/blog\/wp-json\/wp\/v2\/posts\/2463","targetHints":{"allow":["GET"]}}],"collection":[{"href":"https:\/\/www.guiaviagensbrasil.com\/blog\/wp-json\/wp\/v2\/posts"}],"about":[{"href":"https:\/\/www.guiaviagensbrasil.com\/blog\/wp-json\/wp\/v2\/types\/post"}],"author":[{"embeddable":true,"href":"https:\/\/www.guiaviagensbrasil.com\/blog\/wp-json\/wp\/v2\/users\/4"}],"replies":[{"embeddable":true,"href":"https:\/\/www.guiaviagensbrasil.com\/blog\/wp-json\/wp\/v2\/comments?post=2463"}],"version-history":[{"count":5,"href":"https:\/\/www.guiaviagensbrasil.com\/blog\/wp-json\/wp\/v2\/posts\/2463\/revisions"}],"predecessor-version":[{"id":9593,"href":"https:\/\/www.guiaviagensbrasil.com\/blog\/wp-json\/wp\/v2\/posts\/2463\/revisions\/9593"}],"wp:featuredmedia":[{"embeddable":true,"href":"https:\/\/www.guiaviagensbrasil.com\/blog\/wp-json\/wp\/v2\/media\/2439"}],"wp:attachment":[{"href":"https:\/\/www.guiaviagensbrasil.com\/blog\/wp-json\/wp\/v2\/media?parent=2463"}],"wp:term":[{"taxonomy":"category","embeddable":true,"href":"https:\/\/www.guiaviagensbrasil.com\/blog\/wp-json\/wp\/v2\/categories?post=2463"},{"taxonomy":"post_tag","embeddable":true,"href":"https:\/\/www.guiaviagensbrasil.com\/blog\/wp-json\/wp\/v2\/tags?post=2463"}],"curies":[{"name":"wp","href":"https:\/\/api.w.org\/{rel}","templated":true}]}}