{"id":2357,"date":"2015-06-03T08:25:24","date_gmt":"2015-06-03T11:25:24","guid":{"rendered":"https:\/\/www.guiaviagensbrasil.com\/blog\/?p=2357"},"modified":"2018-05-30T16:17:36","modified_gmt":"2018-05-30T19:17:36","slug":"mototurismo-na-rota-do-mar-e-das-montanhas-capixabas","status":"publish","type":"post","link":"https:\/\/www.guiaviagensbrasil.com\/blog\/mototurismo-na-rota-do-mar-e-das-montanhas-capixabas\/","title":{"rendered":"Mototurismo na Rota do Mar e das Montanhas Capixabas"},"content":{"rendered":"\n\n<div class=\"kk-star-ratings kksr-auto kksr-align-left kksr-valign-top\"\n    data-payload='{&quot;align&quot;:&quot;left&quot;,&quot;id&quot;:&quot;2357&quot;,&quot;slug&quot;:&quot;default&quot;,&quot;valign&quot;:&quot;top&quot;,&quot;ignore&quot;:&quot;&quot;,&quot;reference&quot;:&quot;auto&quot;,&quot;class&quot;:&quot;&quot;,&quot;count&quot;:&quot;0&quot;,&quot;legendonly&quot;:&quot;&quot;,&quot;readonly&quot;:&quot;&quot;,&quot;score&quot;:&quot;0&quot;,&quot;starsonly&quot;:&quot;&quot;,&quot;best&quot;:&quot;5&quot;,&quot;gap&quot;:&quot;4&quot;,&quot;greet&quot;:&quot;Avalie este artigo&quot;,&quot;legend&quot;:&quot;0\\\/5 - (0 votes)&quot;,&quot;size&quot;:&quot;24&quot;,&quot;title&quot;:&quot;Mototurismo na Rota do Mar e das Montanhas Capixabas&quot;,&quot;width&quot;:&quot;0&quot;,&quot;_legend&quot;:&quot;{score}\\\/{best} - ({count} {votes})&quot;,&quot;font_factor&quot;:&quot;1.25&quot;}'>\n            \n<div class=\"kksr-stars\">\n    \n<div class=\"kksr-stars-inactive\">\n            <div class=\"kksr-star\" data-star=\"1\" style=\"padding-right: 4px\">\n            \n\n<div class=\"kksr-icon\" style=\"width: 24px; height: 24px;\"><\/div>\n        <\/div>\n            <div class=\"kksr-star\" data-star=\"2\" style=\"padding-right: 4px\">\n            \n\n<div class=\"kksr-icon\" style=\"width: 24px; height: 24px;\"><\/div>\n        <\/div>\n            <div class=\"kksr-star\" data-star=\"3\" style=\"padding-right: 4px\">\n            \n\n<div class=\"kksr-icon\" style=\"width: 24px; height: 24px;\"><\/div>\n        <\/div>\n            <div class=\"kksr-star\" data-star=\"4\" style=\"padding-right: 4px\">\n            \n\n<div class=\"kksr-icon\" style=\"width: 24px; height: 24px;\"><\/div>\n        <\/div>\n            <div class=\"kksr-star\" data-star=\"5\" style=\"padding-right: 4px\">\n            \n\n<div class=\"kksr-icon\" style=\"width: 24px; height: 24px;\"><\/div>\n        <\/div>\n    <\/div>\n    \n<div class=\"kksr-stars-active\" style=\"width: 0px;\">\n            <div class=\"kksr-star\" style=\"padding-right: 4px\">\n            \n\n<div class=\"kksr-icon\" style=\"width: 24px; height: 24px;\"><\/div>\n        <\/div>\n            <div class=\"kksr-star\" style=\"padding-right: 4px\">\n            \n\n<div class=\"kksr-icon\" style=\"width: 24px; height: 24px;\"><\/div>\n        <\/div>\n            <div class=\"kksr-star\" style=\"padding-right: 4px\">\n            \n\n<div class=\"kksr-icon\" style=\"width: 24px; height: 24px;\"><\/div>\n        <\/div>\n            <div class=\"kksr-star\" style=\"padding-right: 4px\">\n            \n\n<div class=\"kksr-icon\" style=\"width: 24px; height: 24px;\"><\/div>\n        <\/div>\n            <div class=\"kksr-star\" style=\"padding-right: 4px\">\n            \n\n<div class=\"kksr-icon\" style=\"width: 24px; height: 24px;\"><\/div>\n        <\/div>\n    <\/div>\n<\/div>\n                \n\n<div class=\"kksr-legend\" style=\"font-size: 19.2px;\">\n            <span class=\"kksr-muted\">Avalie este artigo<\/span>\n    <\/div>\n    <\/div>\n<p>Conhecer o Brasil viajando de moto \u00e9 o sonho comum de todos os apaixonados pela vida em duas rodas. De norte a sul h\u00e1 lindos trajetos entre mar, montanhas e vales. Mas, \u00e9 no Esp\u00edrito Santo que a aventura ganhou fama com a Rota do Mar e das Montanhas Capixabas.<\/p>\n<p>O Estado j\u00e1 tem v\u00e1rias rotas tra\u00e7adas pela Secretaria de Turismo do Esp\u00edrito Santo e a\u00a0Rota do Mar e das Montanhas Capixabas \u00e9 ideal, tamb\u00e9m, para o mototurismo, seguindo at\u00e9 padr\u00e3o internacional para este <a title=\"Estilos de Viagem\" href=\"https:\/\/www.guiaviagensbrasil.com\/estilos-de-viagem\/\" target=\"_blank\" rel=\"noopener\">estilo de viagem<\/a>.<\/p>\n<p><span style=\"line-height: 1.5;\">Viajando pelos vales e mares capixabas, al\u00e9m da liberdade que este ve\u00edculo transmite, o mototurista conhecer\u00e1 as v\u00e1rias e belas\u00a0paisagens naturais, as atra\u00e7\u00f5es tur\u00edsticas e culturais, al\u00e9m do patrim\u00f4nio geol\u00f3gico e, \u00e9 claro, a saborosa gastronomia do Esp\u00edrito Santo.<\/span><\/p>\n<h2>A Rota<\/h2>\n<p>A Rota do Mar e das Montanhas Capixabas tem cerca de 1.100 quil\u00f4metros e quase 6\u00a0mil curvas de paisagens incr\u00edveis. Com um ritmo tranquilo de viagem, o trajeto\u00a0demora 10 dias para ser conclu\u00eddo e exige apenas tempo e disposi\u00e7\u00e3o.<\/p>\n<p>A Rota foi planejada em detalhes. Foram percorridos os munic\u00edpios e mapeados estradas, hospedagens, restaurantes, pontos de apoio, entre outros aspectos necess\u00e1rios para deixar os viajantes mais tranquilos e seguros de que encontrar\u00e3o boas op\u00e7\u00f5es e n\u00e3o faltar\u00e1 nada por todo trajeto.<\/p>\n<p>O in\u00edcio da Rota completa \u00e9 em <a title=\"Conhe\u00e7a mais a capital do Esp\u00edrito Santo, Vit\u00f3ria\" href=\"https:\/\/www.guiaviagensbrasil.com\/es\/vitoria\/\" target=\"_blank\" rel=\"noopener\">Vit\u00f3ria<\/a>. Mas, \u00e9 poss\u00edvel curtir qualquer dos trechos para quem n\u00e3o pode tirar 10 dias diretos de folga. A sa\u00edda \u00e9 do Centro Hist\u00f3rico, com bela arquitetura e constru\u00e7\u00f5es imponentes, como a Catedral Metropolitana e o Pal\u00e1cio Anchieta.<\/p>\n<div id=\"attachment_2359\" style=\"width: 770px\" class=\"wp-caption aligncenter\"><a href=\"https:\/\/www.guiaviagensbrasil.com\/blog\/wp-content\/uploads\/2015\/06\/escadarias-palacio-anchieta-vitoria-es.jpg\"><img loading=\"lazy\" decoding=\"async\" aria-describedby=\"caption-attachment-2359\" class=\"wp-image-2359\" src=\"https:\/\/www.guiaviagensbrasil.com\/blog\/wp-content\/uploads\/2015\/06\/escadarias-palacio-anchieta-vitoria-es.jpg\" alt=\"O belo Pal\u00e1cio Anchieta e suas famosas escadarias, com vista para o mar de Vit\u00f3ria, no ES. Fotos de Ricardo Junior \/ www.ricardojuniorfotografias.com.br\" width=\"760\" height=\"507\" srcset=\"https:\/\/www.guiaviagensbrasil.com\/blog\/wp-content\/uploads\/2015\/06\/escadarias-palacio-anchieta-vitoria-es.jpg 990w, https:\/\/www.guiaviagensbrasil.com\/blog\/wp-content\/uploads\/2015\/06\/escadarias-palacio-anchieta-vitoria-es-300x200.jpg 300w\" sizes=\"auto, (max-width: 760px) 100vw, 760px\" \/><\/a><p id=\"caption-attachment-2359\" class=\"wp-caption-text\">O belo Pal\u00e1cio Anchieta e suas famosas escadarias, com vista para o mar de Vit\u00f3ria, no ES. <br \/> Fotos de Ricardo Junior \/ www.ricardojuniorfotografias.com.br<\/p><\/div>\n<p>A primeira parada j\u00e1 \u00e9 ao lado da capital, em <a title=\"Conhe\u00e7a Vila Velha, no Esp\u00edrito Santo.\" href=\"https:\/\/www.guiaviagensbrasil.com\/es\/vila-velha\/\" target=\"_blank\" rel=\"noopener\">Vila Velha<\/a>, onde est\u00e1 o Convento Nossa Senhora da Penha, uma linda constru\u00e7\u00e3o cl\u00e1ssica a 154 metros de altitude, com uma vista panor\u00e2mica incr\u00edvel da regi\u00e3o.<\/p>\n<div id=\"attachment_2360\" style=\"width: 770px\" class=\"wp-caption aligncenter\"><a href=\"https:\/\/www.guiaviagensbrasil.com\/blog\/wp-content\/uploads\/2015\/06\/pessoas-praia-da-costa-es.jpg\"><img loading=\"lazy\" decoding=\"async\" aria-describedby=\"caption-attachment-2360\" class=\"wp-image-2360\" src=\"https:\/\/www.guiaviagensbrasil.com\/blog\/wp-content\/uploads\/2015\/06\/pessoas-praia-da-costa-es.jpg\" alt=\"Vista da Praia da Costa, em Vila Velha, ES. Fotos de Ricardo Junior \/ www.ricardojuniorfotografias.com.br\" width=\"760\" height=\"507\" srcset=\"https:\/\/www.guiaviagensbrasil.com\/blog\/wp-content\/uploads\/2015\/06\/pessoas-praia-da-costa-es.jpg 990w, https:\/\/www.guiaviagensbrasil.com\/blog\/wp-content\/uploads\/2015\/06\/pessoas-praia-da-costa-es-300x200.jpg 300w\" sizes=\"auto, (max-width: 760px) 100vw, 760px\" \/><\/a><p id=\"caption-attachment-2360\" class=\"wp-caption-text\">Vista da Praia da Costa, em Vila Velha, ES. <br \/> Fotos de Ricardo Junior \/ www.ricardojuniorfotografias.com.br<\/p><\/div>\n<p>Viana, na Regi\u00e3o Metropolitana da Grande Vit\u00f3ria, ainda preserva as caracter\u00edsticas de uma pacata cidade do interior, com o agroturismo predominante, e \u00e9 passagem da Rota. O Casar\u00e3o no centro da cidade, era da\u00a0Fam\u00edlia Lyrio e j\u00e1 hospedou D. Pedro II, sendo uma das constru\u00e7\u00f5es mais antigas do Estado.<\/p>\n<p>A viagem continua at\u00e9 <a title=\"Conhe\u00e7a mais Domingos Martins, na regi\u00e3o serrana do Esp\u00edrito Santo.\" href=\"https:\/\/www.guiaviagensbrasil.com\/es\/domingos-martins\/\" target=\"_blank\" rel=\"noopener\">Domingos Martins<\/a>, uma cidadezinha charmosa, com arquitetura marcante e clima europeu. O Parque Estadual Pedra Azul \u00e9 o cart\u00e3o-postal da cidade, com muitas trilhas por entre a vegeta\u00e7\u00e3o exuberante, cachoeiras e refrescantes piscinas naturais.<\/p>\n<p>Ap\u00f3s conhecer a Pedra Azul, a viagem segue at\u00e9 Marechal Floriano, conhecida pela enorme variedade de orqu\u00eddeas encontradas nas matas nativas ao redor da cidade.<\/p>\n<p>Pr\u00f3xima parada \u00e9 em Venda Nova do Imigrante, que tem na cultura italiana sua principal atra\u00e7\u00e3o, com gastronomia farta e deliciosa, que originou at\u00e9 a conhecida Festa da Polenta. A paisagem local \u00e9 buc\u00f3lica, em meio a um vale rural onde o agroturismo predomina.<\/p>\n<p>Quase chegando a Minas Gerais est\u00e1 Ibatiba, passagem para chegar a Ibitirama, onde est\u00e1 o Parque Nacional do Capara\u00f3, que abriga o Pico da Bandeira, com 2.892 metros de altitude, o terceiro mais alto do Brasil. Quem tiver f\u00f4lego e disposi\u00e7\u00e3o pode esticar o passeio \u2013 mas agora caminhando \u2013 at\u00e9 o alto.<\/p>\n<p>Saindo do Parque, a passagem \u00e9 por Alegre, Jer\u00f4nimo Monteiro e Muqui, charmosas cidades encravas nos vales capixabas, com lindas vistas e muita natureza.<\/p>\n<p>A pr\u00f3xima parada \u00e9 em Mimoso do Sul, mais precisamente no distrito de S\u00e3o Pedro do Itabapoana, que tem suas ruelas cal\u00e7adas em pedras constru\u00eddas pelos escravos e casarios com arquitetura colonial. No auge do ciclo do caf\u00e9, as fazendas da regi\u00e3o enriqueciam a vila, situada a 460 metros de altitude com um delicioso clima de montanha. Para preserva\u00e7\u00e3o de toda hist\u00f3ria e obras, S\u00e3o Pedro do Itabapoana foi tombada como Patrim\u00f4nio Hist\u00f3rico e Art\u00edstico pelo Conselho Estadual da Cultura em 1987.<\/p>\n<p>Descendo as montanhas, o passeio continua mais pr\u00f3ximo do mar, passando por Presidente Kennedy e chegando a <a title=\"Conhe\u00e7a mais de Marata\u00edzes, no Esp\u00edrito Santo.\" href=\"https:\/\/www.guiaviagensbrasil.com\/es\/marataizes\/\" target=\"_blank\" rel=\"noopener\">Marata\u00edzes<\/a>, com 25 quil\u00f4metros de orla de praias de \u00e1guas calmas e trechos praticamente desertos. A parada ocorre na Lagoa do Siri, cart\u00e3o-postal da cidade, e onde se pode provar a aut\u00eantica moqueca capixaba.<\/p>\n<p>Seguindo caminho a parada \u00e9 em <a title=\"Conhe\u00e7a Anchieta, a cidade hist\u00f3rica do Esp\u00edrito Santo.\" href=\"https:\/\/www.guiaviagensbrasil.com\/es\/anchieta\/\" target=\"_blank\" rel=\"noopener\">Anchieta<\/a>, de 1565, uma das cidades mais antigas do Pa\u00eds, fundada pelo Padre Jos\u00e9 Anchieta, que viveu boa parte da sua vida por l\u00e1.<\/p>\n<p>Subindo novamente, agora pela Serra do Castelo, chega-se a Alfredo Chaves, com lindas cachoeiras, onde a parada \u00e9 no distrito de Matilde, que abriga\u00a0a Esta\u00e7\u00e3o Ferrovi\u00e1ria, a Cachoeira Engenheiro Reeve (cart\u00e3o-postal local) e o mirante para o Vale Santa Maria Madalena.<\/p>\n<p>J\u00e1 quase no final da Rota do Mar e das Montanhas Capixabas, o motociclista passar\u00e1 pelas montanhas de <a title=\"Conhe\u00e7a Guarapari, no litoral do Esp\u00edrito Santo.\" href=\"https:\/\/www.guiaviagensbrasil.com\/es\/guarapari\/\" target=\"_blank\" rel=\"noopener\">Guarapari<\/a> at\u00e9 chegar a Praia de Mea\u00edpe, uma r\u00fastica vila de pescadores que encanta qualquer visitante e fica movimentada no ver\u00e3o. Conhe\u00e7a tamb\u00e9m a Praia Vermelha,\u00a0do Sul e do Ermit\u00e3o, desertas e bel\u00edssimas.<\/p>\n<div id=\"attachment_2361\" style=\"width: 770px\" class=\"wp-caption aligncenter\"><a href=\"https:\/\/www.guiaviagensbrasil.com\/blog\/wp-content\/uploads\/2015\/06\/fotografia-praia-vermelha-guarapari-es.jpg\"><img loading=\"lazy\" decoding=\"async\" aria-describedby=\"caption-attachment-2361\" class=\"wp-image-2361\" src=\"https:\/\/www.guiaviagensbrasil.com\/blog\/wp-content\/uploads\/2015\/06\/fotografia-praia-vermelha-guarapari-es.jpg\" alt=\"A deserta Praia Vermelha, em Guarapari, ES. Fotos de Ricardo Junior \/ www.ricardojuniorfotografias.com.br\" width=\"760\" height=\"507\" srcset=\"https:\/\/www.guiaviagensbrasil.com\/blog\/wp-content\/uploads\/2015\/06\/fotografia-praia-vermelha-guarapari-es.jpg 990w, https:\/\/www.guiaviagensbrasil.com\/blog\/wp-content\/uploads\/2015\/06\/fotografia-praia-vermelha-guarapari-es-300x200.jpg 300w\" sizes=\"auto, (max-width: 760px) 100vw, 760px\" \/><\/a><p id=\"caption-attachment-2361\" class=\"wp-caption-text\">A deserta Praia Vermelha, em Guarapari, ES. <br \/> Fotos de Ricardo Junior \/ www.ricardojuniorfotografias.com.br<\/p><\/div>\n<p>Para quem retorna \u00e0 Capital, tem a op\u00e7\u00e3o de parar ainda no Parque Estadual Paulo C\u00e9sar Vinha e apreciar as belas praias antes do fim do trajeto.<\/p>\n<p>O Esp\u00edrito Santo foi o primeiro Estado a divulgar\u00a0um roteiro\u00a0mais voltado ao\u00a0mototurismo no Brasil, um estilo de viagem que vem crescendo muito no pa\u00eds e tem como base o esp\u00edrito de aventura, liberdade e descoberta. Voc\u00ea \u00e9 desta tribo,\u00a0aproveite a paisagem e curta muito cada curva.<\/p>\n<div class=\"borda\">\n<h3>Links relacionados<\/h3>\n<ul style=\"color: #666666;\">\n<li><a style=\"color: #663399;\" title=\"Veja as galerias de fotos de Vit\u00f3ria, ES\" href=\"https:\/\/www.guiaviagensbrasil.com\/galerias\/es\/fotos-de-vitoria\/\" target=\"_blank\" rel=\"noopener\">Galerias de fotos de Vit\u00f3ria<\/a><\/li>\n<li><a style=\"color: #663399;\" title=\"Veja mais op\u00e7\u00f5es de passeios em Vila Velha, ES\" href=\"https:\/\/www.guiaviagensbrasil.com\/es\/o-que-fazer-em-vila-velha\/\" target=\"_blank\" rel=\"noopener\">O que fazer em Vila Velha<\/a><\/li>\n<li><a style=\"color: #663399;\" title=\"AREIA, MAR, TERRA E MONTANHA: a Bela GUARAPARI no ES\" href=\"https:\/\/www.guiaviagensbrasil.com\/blog\/areia-mar-terra-e-montanha-a-bela-guarapari-no-es\/\" target=\"_blank\" rel=\"noopener\">Areia, mar, terra e montanha: a bela Guarapari<\/a><\/li>\n<\/ul>\n<\/div>\n","protected":false},"excerpt":{"rendered":"<p>Conhecer o Brasil viajando de moto \u00e9 o sonho comum de todos os apaixonados pela vida em duas rodas. De norte a sul h\u00e1 lindos trajetos entre mar, montanhas e vales. Mas, \u00e9 no Esp\u00edrito Santo que a aventura ganhou fama com a Rota do Mar e das Montanhas Capixabas. O Estado j\u00e1 tem v\u00e1rias [&hellip;]<\/p>\n","protected":false},"author":4,"featured_media":4618,"comment_status":"open","ping_status":"open","sticky":false,"template":"","format":"standard","meta":{"footnotes":""},"categories":[106],"tags":[286,284,290,282,169,170,291,292,287,289,293,285,288,283,280,281],"class_list":["post-2357","post","type-post","status-publish","format-standard","has-post-thumbnail","hentry","category-natureza-e-aventura","tag-alegre","tag-alfredo-chaves","tag-anchieta","tag-domingos-martins","tag-espirito-santo","tag-guarapari","tag-ibatiba","tag-ibitirama","tag-jeronimo-monteiro","tag-marataizes","tag-marechal-floriano","tag-mimoso-do-sul","tag-muqui","tag-viana-es","tag-vila-velha","tag-vitoria"],"aioseo_notices":[],"_links":{"self":[{"href":"https:\/\/www.guiaviagensbrasil.com\/blog\/wp-json\/wp\/v2\/posts\/2357","targetHints":{"allow":["GET"]}}],"collection":[{"href":"https:\/\/www.guiaviagensbrasil.com\/blog\/wp-json\/wp\/v2\/posts"}],"about":[{"href":"https:\/\/www.guiaviagensbrasil.com\/blog\/wp-json\/wp\/v2\/types\/post"}],"author":[{"embeddable":true,"href":"https:\/\/www.guiaviagensbrasil.com\/blog\/wp-json\/wp\/v2\/users\/4"}],"replies":[{"embeddable":true,"href":"https:\/\/www.guiaviagensbrasil.com\/blog\/wp-json\/wp\/v2\/comments?post=2357"}],"version-history":[{"count":2,"href":"https:\/\/www.guiaviagensbrasil.com\/blog\/wp-json\/wp\/v2\/posts\/2357\/revisions"}],"predecessor-version":[{"id":8312,"href":"https:\/\/www.guiaviagensbrasil.com\/blog\/wp-json\/wp\/v2\/posts\/2357\/revisions\/8312"}],"wp:featuredmedia":[{"embeddable":true,"href":"https:\/\/www.guiaviagensbrasil.com\/blog\/wp-json\/wp\/v2\/media\/4618"}],"wp:attachment":[{"href":"https:\/\/www.guiaviagensbrasil.com\/blog\/wp-json\/wp\/v2\/media?parent=2357"}],"wp:term":[{"taxonomy":"category","embeddable":true,"href":"https:\/\/www.guiaviagensbrasil.com\/blog\/wp-json\/wp\/v2\/categories?post=2357"},{"taxonomy":"post_tag","embeddable":true,"href":"https:\/\/www.guiaviagensbrasil.com\/blog\/wp-json\/wp\/v2\/tags?post=2357"}],"curies":[{"name":"wp","href":"https:\/\/api.w.org\/{rel}","templated":true}]}}