{"id":1968,"date":"2015-02-14T17:48:27","date_gmt":"2015-02-14T19:48:27","guid":{"rendered":"https:\/\/www.guiaviagensbrasil.com\/blog\/?p=1968"},"modified":"2016-02-10T16:03:13","modified_gmt":"2016-02-10T18:03:13","slug":"carnaval-de-salvador-folia-baiana-arrebatadora","status":"publish","type":"post","link":"https:\/\/www.guiaviagensbrasil.com\/blog\/carnaval-de-salvador-folia-baiana-arrebatadora\/","title":{"rendered":"Carnaval de Salvador: Folia Baiana Arrebatadora"},"content":{"rendered":"\n\n<div class=\"kk-star-ratings kksr-auto kksr-align-left kksr-valign-top\"\n    data-payload='{&quot;align&quot;:&quot;left&quot;,&quot;id&quot;:&quot;1968&quot;,&quot;slug&quot;:&quot;default&quot;,&quot;valign&quot;:&quot;top&quot;,&quot;ignore&quot;:&quot;&quot;,&quot;reference&quot;:&quot;auto&quot;,&quot;class&quot;:&quot;&quot;,&quot;count&quot;:&quot;0&quot;,&quot;legendonly&quot;:&quot;&quot;,&quot;readonly&quot;:&quot;&quot;,&quot;score&quot;:&quot;0&quot;,&quot;starsonly&quot;:&quot;&quot;,&quot;best&quot;:&quot;5&quot;,&quot;gap&quot;:&quot;4&quot;,&quot;greet&quot;:&quot;Avalie este artigo&quot;,&quot;legend&quot;:&quot;0\\\/5 - (0 votes)&quot;,&quot;size&quot;:&quot;24&quot;,&quot;title&quot;:&quot;Carnaval de Salvador: Folia Baiana Arrebatadora&quot;,&quot;width&quot;:&quot;0&quot;,&quot;_legend&quot;:&quot;{score}\\\/{best} - ({count} {votes})&quot;,&quot;font_factor&quot;:&quot;1.25&quot;}'>\n            \n<div class=\"kksr-stars\">\n    \n<div class=\"kksr-stars-inactive\">\n            <div class=\"kksr-star\" data-star=\"1\" style=\"padding-right: 4px\">\n            \n\n<div class=\"kksr-icon\" style=\"width: 24px; height: 24px;\"><\/div>\n        <\/div>\n            <div class=\"kksr-star\" data-star=\"2\" style=\"padding-right: 4px\">\n            \n\n<div class=\"kksr-icon\" style=\"width: 24px; height: 24px;\"><\/div>\n        <\/div>\n            <div class=\"kksr-star\" data-star=\"3\" style=\"padding-right: 4px\">\n            \n\n<div class=\"kksr-icon\" style=\"width: 24px; height: 24px;\"><\/div>\n        <\/div>\n            <div class=\"kksr-star\" data-star=\"4\" style=\"padding-right: 4px\">\n            \n\n<div class=\"kksr-icon\" style=\"width: 24px; height: 24px;\"><\/div>\n        <\/div>\n            <div class=\"kksr-star\" data-star=\"5\" style=\"padding-right: 4px\">\n            \n\n<div class=\"kksr-icon\" style=\"width: 24px; height: 24px;\"><\/div>\n        <\/div>\n    <\/div>\n    \n<div class=\"kksr-stars-active\" style=\"width: 0px;\">\n            <div class=\"kksr-star\" style=\"padding-right: 4px\">\n            \n\n<div class=\"kksr-icon\" style=\"width: 24px; height: 24px;\"><\/div>\n        <\/div>\n            <div class=\"kksr-star\" style=\"padding-right: 4px\">\n            \n\n<div class=\"kksr-icon\" style=\"width: 24px; height: 24px;\"><\/div>\n        <\/div>\n            <div class=\"kksr-star\" style=\"padding-right: 4px\">\n            \n\n<div class=\"kksr-icon\" style=\"width: 24px; height: 24px;\"><\/div>\n        <\/div>\n            <div class=\"kksr-star\" style=\"padding-right: 4px\">\n            \n\n<div class=\"kksr-icon\" style=\"width: 24px; height: 24px;\"><\/div>\n        <\/div>\n            <div class=\"kksr-star\" style=\"padding-right: 4px\">\n            \n\n<div class=\"kksr-icon\" style=\"width: 24px; height: 24px;\"><\/div>\n        <\/div>\n    <\/div>\n<\/div>\n                \n\n<div class=\"kksr-legend\" style=\"font-size: 19.2px;\">\n            <span class=\"kksr-muted\">Avalie este artigo<\/span>\n    <\/div>\n    <\/div>\n<p>O <a title=\"O CARNAVAL est\u00e1 CHEGANDO: Escolha sua Festa e Corra pra Folia!  Read more: https:\/\/www.guiaviagensbrasil.com\/blog\/o-carnaval-esta-chegando-escolha-sua-festa-e-corra-pra-folia\/#ixzz3XJiZf0fz\" href=\"https:\/\/www.guiaviagensbrasil.com\/blog\/o-carnaval-esta-chegando-escolha-sua-festa-e-corra-pra-folia\/\" target=\"_blank\">Carnaval do Brasil<\/a> \u00e9 considerado o melhor do mundo. Em alguns momentos at\u00e9 esquece-se que esta \u00e9 uma festa que acontece no planeta inteiro, pois aqui ela ganha uma for\u00e7a e alegria especial. E, entre as cidades que atraem mais foli\u00f5es durante os dias da Festa de Momo, <a title=\"Conhe\u00e7a mais sobre Salvador, na Bahia.\" href=\"https:\/\/www.guiaviagensbrasil.com\/ba\/salvador\/\" target=\"_blank\">Salvador<\/a> ocupa as primeiras posi\u00e7\u00f5es.<\/p>\n<p>Em 2015, o ax\u00e9 (ritmo tradicional baiano) completou 30 anos e o Carnaval de Salvador teve um gostinho especial. O ent\u00e3o prefeito em exerc\u00edcio, ACM Neto \u2013 o \u201cNetinho\u201d como os soteropolitanos carinhosamente o apelidaram \u2013 determinou que a festa come\u00e7aria uma semana antes da data oficial. J\u00e1 para 2016, ele decretou feriado por 13 dias! Surpreendente e maravilhoso!<\/p>\n<p>Se voc\u00ea est\u00e1 se preparando para curtir o Carnaval em Salvador nos pr\u00f3ximos anos, precisa de algumas dicas. Como toda festa desse porte, \u00e9 preciso ter alguns cuidados com o planejamento. N\u00e3o \u00e9 necess\u00e1rio muito dinheiro para cair na folia da capital da Bahia, mas \u00e9 indispens\u00e1vel organizar com anteced\u00eancia. Confira dicas.<\/p>\n<div id=\"attachment_1324\" style=\"width: 771px\" class=\"wp-caption aligncenter\"><img loading=\"lazy\" decoding=\"async\" aria-describedby=\"caption-attachment-1324\" class=\"wp-image-1324\" src=\"https:\/\/www.guiaviagensbrasil.com\/blog\/wp-content\/uploads\/2015\/01\/camarote-expresso-222-carnaval-salvador-ba.jpg\" alt=\"Camarote Expresso 222, no Carnaval de Salvador, Bahia. Fotos de Ricardo Junior \/ www.ricardojuniorfotografias.com.br\" width=\"761\" height=\"507\" srcset=\"https:\/\/www.guiaviagensbrasil.com\/blog\/wp-content\/uploads\/2015\/01\/camarote-expresso-222-carnaval-salvador-ba.jpg 990w, https:\/\/www.guiaviagensbrasil.com\/blog\/wp-content\/uploads\/2015\/01\/camarote-expresso-222-carnaval-salvador-ba-300x200.jpg 300w\" sizes=\"auto, (max-width: 761px) 100vw, 761px\" \/><p id=\"caption-attachment-1324\" class=\"wp-caption-text\">Camarote Expresso 222, no Carnaval de Salvador, Bahia. <br \/> Fotos de Ricardo Junior \/ www.ricardojuniorfotografias.com.br<\/p><\/div>\n<h2>Datas da festa<\/h2>\n<p>Como j\u00e1 foi dito acima, o Carnaval de Salvador come\u00e7a antes da data padr\u00e3o. Oficialmente, os blocos partem para desfilar na quinta-feira e o \u00faltimo sai na quarta-feira de cinzas. Ent\u00e3o se n\u00e3o quiser perder um dia de festa, \u00e9 bom ver aquela folga no trabalho, conversar com o chefe, tirar f\u00e9rias guardadas, entre outras estrat\u00e9gias.<\/p>\n<p>Para aqueles que n\u00e3o t\u00eam como acompanhar o Carnaval desde o primeiro dia, n\u00e3o h\u00e1 problemas. Em todos os dias \u00e9 poss\u00edvel encontrar \u00f3timas atra\u00e7\u00f5es e grandes blocos desfilando.<\/p>\n<h2>Blocos, Camarotes e Pipoca<\/h2>\n<p>Este \u00e9 um assunto que sempre causa desencontro de informa\u00e7\u00f5es, principalmente se voc\u00ea for brincar o Carnaval pela primeira vez em Salvador. Vai comprar abad\u00e1 no cart\u00e3o de cr\u00e9dito? Ent\u00e3o compra antes. N\u00e3o dispensa sair em um bloco ou ficar em um camarote? Ent\u00e3o compra abad\u00e1. Do contr\u00e1rio, existem maneiras f\u00e1ceis de economizar durante a festa.<\/p>\n<p>Um exemplo bem simples:<\/p>\n<p>O cantor Saulo Fernandes puxa 5 dias de bloco no Carnaval de Salvador, sendo que 2 deles \u00e9 para a pipoca. Ou seja, a n\u00e3o ser que voc\u00ea seja uma f\u00e3 dele e queira de fato sair com um abad\u00e1 do cantor, d\u00e1 para curtir dois dias de festa de gra\u00e7a! O melhor \u00e9 que mesmo sendo um bloco sem corda, a equipe das pipocas distribuem camisetas promocionais.<\/p>\n<p>Da mesma maneira, artistas como Timbalada, Daniela Mercury, Bell Marques, Ivete Sangalo, Carlinhos Brown, Psirico, Banda EVA, Margareth Menezes e muitos outros puxam blocos pelo menos um dia sem corda. Se o seu intuito \u00e9 pular muito e gastar pouco, aproveite estes dias de folia.<\/p>\n<div id=\"attachment_1969\" style=\"width: 770px\" class=\"wp-caption aligncenter\"><img loading=\"lazy\" decoding=\"async\" aria-describedby=\"caption-attachment-1969\" class=\"wp-image-1969\" src=\"https:\/\/www.guiaviagensbrasil.com\/blog\/wp-content\/uploads\/2015\/04\/ivete-sangalo-carnaval-salvador-ba.jpg\" alt=\"Ivete Sangalo no Carnaval de Salvador, na Bahia. Fotos de Ricardo Junior \/ www.ricardojuniorfotografias.com.br\" width=\"760\" height=\"507\" srcset=\"https:\/\/www.guiaviagensbrasil.com\/blog\/wp-content\/uploads\/2015\/04\/ivete-sangalo-carnaval-salvador-ba.jpg 990w, https:\/\/www.guiaviagensbrasil.com\/blog\/wp-content\/uploads\/2015\/04\/ivete-sangalo-carnaval-salvador-ba-300x200.jpg 300w\" sizes=\"auto, (max-width: 760px) 100vw, 760px\" \/><p id=\"caption-attachment-1969\" class=\"wp-caption-text\">Ivete Sangalo no Carnaval de Salvador, na Bahia. <br \/> Fotos de Ricardo Junior \/ www.ricardojuniorfotografias.com.br<\/p><\/div>\n<p>Outra maneira, e tamb\u00e9m a mais popular de baratear os gastos com abad\u00e1, \u00e9 na \u201cFeirinha dos abad\u00e1s\u201d. Nos circuitos voc\u00ea encontra muitos cambistas vendendo as camisetas dos blocos, mas a feirinha que tem pr\u00f3ximo ao shopping Barra \u00e9 mais confi\u00e1vel e a pechincha \u00e9 maior.<\/p>\n<p>N\u00e3o tenha medo de pedir descontos na Feirinha. Com uma boa conversa d\u00e1 para conseguir abad\u00e1s por menos da metade do pre\u00e7o. Se estiver com uma turma, v\u00e1 com todos e o desconto \u00e9 ainda maior.<\/p>\n<h2>Circuitos Oficiais<\/h2>\n<p>O Carnaval em Salvador conta com quatro circuitos oficiais: Circuito Barra Ondina \/ Dod\u00f4, Circuito Campo Grande \/ Osmar, Circuito Batatinha (Centro\/ Pelourinho\/ Contrafluxo) e Afr\u00f3dromo. Cada um deles vai apresentar um tipo de festa diferente. D\u00e1 para circular entre todos tranquilamente, pois s\u00e3o bem pr\u00f3ximos. O que voc\u00ea vai encontrar \u00e9 que muda um pouco. Veja.<\/p>\n<p><strong>Circuito Barra \u2013 Ondina ou Circuito Dod\u00f4<\/strong><\/p>\n<p>Ele foi criado em 1992 com a inten\u00e7\u00e3o de descongestionar um pouco a festa que s\u00f3 acontecia no centro da cidade de Salvador, em Campo Grande. O desfile dos trios come\u00e7a no Porto da Barra e vai at\u00e9 o bairro de Ondina, levando cerca de 4 horas para ser conclu\u00eddo.<\/p>\n<p>O Circuito Barra \u2013 Ondina ficou popularmente conhecido como o \u201cCircuito dos Turistas\u201d, j\u00e1 que o carnaval daqui \u00e9 feito mais pensando na divulga\u00e7\u00e3o e comercializa\u00e7\u00e3o da festa. Os blocos saem geralmente no por do sol e v\u00e3o at\u00e9 o amanhecer.<\/p>\n<div id=\"attachment_1970\" style=\"width: 770px\" class=\"wp-caption aligncenter\"><img loading=\"lazy\" decoding=\"async\" aria-describedby=\"caption-attachment-1970\" class=\"wp-image-1970\" src=\"https:\/\/www.guiaviagensbrasil.com\/blog\/wp-content\/uploads\/2015\/04\/barra-ondina-carnaval-salvador-ba.jpg\" alt=\"Circuito Barra-Ondina no Carnaval de Salvador, na Bahia. Fotos de Ricardo Junior \/ www.ricardojuniorfotografias.com.br\" width=\"760\" height=\"507\" srcset=\"https:\/\/www.guiaviagensbrasil.com\/blog\/wp-content\/uploads\/2015\/04\/barra-ondina-carnaval-salvador-ba.jpg 990w, https:\/\/www.guiaviagensbrasil.com\/blog\/wp-content\/uploads\/2015\/04\/barra-ondina-carnaval-salvador-ba-300x200.jpg 300w\" sizes=\"auto, (max-width: 760px) 100vw, 760px\" \/><p id=\"caption-attachment-1970\" class=\"wp-caption-text\">Circuito Barra-Ondina no Carnaval de Salvador, na Bahia. <br \/> Fotos de Ricardo Junior \/ www.ricardojuniorfotografias.com.br<\/p><\/div>\n<p>Os principais dias desse circuito s\u00e3o quinta, sexta e s\u00e1bado. Nestes, os blocos \u201coficiais\u201d saem com seus foli\u00f5es. J\u00e1 no domingo, na segunda e na ter\u00e7a, desfilam por aqui blocos menores e, em sua maioria, para a pipoca. Na manh\u00e3 de quarta-feira de cinzas acontece o arrast\u00e3o neste circuito, que s\u00e3o alguns blocos puxados para a maioria da popula\u00e7\u00e3o.<\/p>\n<p>Neste ano, a segunda edi\u00e7\u00e3o do \u201cFurdun\u00e7o\u201d, considerado o pr\u00e9-carnaval de Salvador, aconteceu tamb\u00e9m no circuito Barra Ondina.<\/p>\n<p><strong>Circuito Campo Grande ou Circuito Osmar<\/strong><\/p>\n<p>Este \u00e9 considerado o verdadeiro circuito do Carnaval de Salvador, pois foi onde os primeiros blocos desfilaram. A festa que acontece na cidade desde 1950, sai da Pra\u00e7a do Campo Grande e termina na Pra\u00e7a Castro Alves.\u00a0At\u00e9 2013, o percurso come\u00e7ava na Pra\u00e7a citada, descia a Avenida 7 de setembro, subia a Avenida Carlos Gomes e encerrava na mesma Pra\u00e7a que come\u00e7ou. O trajeto foi reduzido pela metade com a inten\u00e7\u00e3o de valorizar mais o Carnaval do Pelourinho. Em 2016, alguns blocos tradicionais, como \u00e9 o caso do \u201cAs Muquiradas\u201d, voltaram a subir a Avenida Carlos Gomes.<\/p>\n<div id=\"attachment_1971\" style=\"width: 770px\" class=\"wp-caption aligncenter\"><img loading=\"lazy\" decoding=\"async\" aria-describedby=\"caption-attachment-1971\" class=\"wp-image-1971\" src=\"https:\/\/www.guiaviagensbrasil.com\/blog\/wp-content\/uploads\/2015\/04\/caminhao-asa-carnaval-salvador-ba.jpg\" alt=\"Trio-el\u00e9trico do Asa no Carnaval de Salvador, na Bahia. Fotos de Ricardo Junior \/ www.ricardojuniorfotografias.com.br\" width=\"760\" height=\"507\" srcset=\"https:\/\/www.guiaviagensbrasil.com\/blog\/wp-content\/uploads\/2015\/04\/caminhao-asa-carnaval-salvador-ba.jpg 990w, https:\/\/www.guiaviagensbrasil.com\/blog\/wp-content\/uploads\/2015\/04\/caminhao-asa-carnaval-salvador-ba-300x200.jpg 300w\" sizes=\"auto, (max-width: 760px) 100vw, 760px\" \/><p id=\"caption-attachment-1971\" class=\"wp-caption-text\">Trio-el\u00e9trico do Asa no Carnaval de Salvador, na Bahia. <br \/> Fotos de Ricardo Junior \/ www.ricardojuniorfotografias.com.br<\/p><\/div>\n<p>Esse carnaval \u00e9 dividido em duas etapas. Na primeira \u2013 que acontece de quinta a s\u00e1bado \u2013 os blocos afro e de samba desfilam durante a noite. Na segunda etapa \u2013 de domingo \u00e0 ter\u00e7a-feira \u2013 os blocos oficiais, que antes desfilavam na Barra, saem por aqui. O circuito nestes \u00faltimos dias tamb\u00e9m passa a acontecer de dia, saindo o primeiro bloco \u00e0s 10 da manh\u00e3.<\/p>\n<p><strong>Circuito Pelourinho<\/strong><\/p>\n<p>O tradicional e hist\u00f3rico bairro do <a title=\"Atrativos Culturais de Salvador\" href=\"https:\/\/www.guiaviagensbrasil.com\/ba\/atrativos-culturais-em-salvador\/\" target=\"_blank\">Pelourinho<\/a> se transforma nos dias de Carnaval. As pra\u00e7as ganham palcos especiais onde atra\u00e7\u00f5es locais se apresentam para o p\u00fablico, totalmente de gra\u00e7a. Tamb\u00e9m h\u00e1 o desfile de blocos de fanfarra, puxando adultos e crian\u00e7as que gostam de um Carnaval no estilo mais antigo.<\/p>\n<div id=\"attachment_1973\" style=\"width: 770px\" class=\"wp-caption aligncenter\"><img loading=\"lazy\" decoding=\"async\" aria-describedby=\"caption-attachment-1973\" class=\"wp-image-1973\" src=\"https:\/\/www.guiaviagensbrasil.com\/blog\/wp-content\/uploads\/2015\/04\/foto-pelourinho-salvador-bahia-brasil-0758.jpg\" alt=\"O hist\u00f3rico bairro do Pelourinho, onde ocorre um dos circuitos do Carnaval de Salvador, na Bahia. Fotos de Ricardo Junior \/ www.ricardojuniorfotografias.com.br\" width=\"760\" height=\"507\" srcset=\"https:\/\/www.guiaviagensbrasil.com\/blog\/wp-content\/uploads\/2015\/04\/foto-pelourinho-salvador-bahia-brasil-0758.jpg 990w, https:\/\/www.guiaviagensbrasil.com\/blog\/wp-content\/uploads\/2015\/04\/foto-pelourinho-salvador-bahia-brasil-0758-300x200.jpg 300w\" sizes=\"auto, (max-width: 760px) 100vw, 760px\" \/><p id=\"caption-attachment-1973\" class=\"wp-caption-text\">O hist\u00f3rico bairro do Pelourinho, onde ocorre um dos circuitos do Carnaval de Salvador, na Bahia. <br \/> Fotos de Ricardo Junior \/ www.ricardojuniorfotografias.com.br<\/p><\/div>\n<p>\u00c9 muito gostoso passar um tempo neste lugar. Se voc\u00ea viaja com crian\u00e7as, vale a pena aproveitar as matin\u00e9s que acontecem todos os dias. Pessoas v\u00e3o fantasiadas e muita festa acontece pelas ladeiras do \u201cPel\u00f4\u201d.<\/p>\n<p><strong>Afr\u00f3dromo<\/strong><\/p>\n<p>Desde 2013, o Carnaval de Salvador ganhou mais um circuito e mais festa pelas ruas da cidade. O Afr\u00f3dromo \u00e9 uma idealiza\u00e7\u00e3o do cantor Carlinhos Brown, junto com os produtores culturais, l\u00edderes de associa\u00e7\u00f5es afro-culturais da cidade.<\/p>\n<div id=\"attachment_1974\" style=\"width: 770px\" class=\"wp-caption aligncenter\"><img loading=\"lazy\" decoding=\"async\" aria-describedby=\"caption-attachment-1974\" class=\"wp-image-1974\" src=\"https:\/\/www.guiaviagensbrasil.com\/blog\/wp-content\/uploads\/2015\/04\/filhos-gandhy-carnaval-salvador-ba.jpg\" alt=\"Filhos de Gandhy, no Carnaval de Salvador, na Bahia. Fotos de Ricardo Junior \/ www.ricardojuniorfotografias.com.br\" width=\"760\" height=\"507\" srcset=\"https:\/\/www.guiaviagensbrasil.com\/blog\/wp-content\/uploads\/2015\/04\/filhos-gandhy-carnaval-salvador-ba.jpg 990w, https:\/\/www.guiaviagensbrasil.com\/blog\/wp-content\/uploads\/2015\/04\/filhos-gandhy-carnaval-salvador-ba-300x200.jpg 300w\" sizes=\"auto, (max-width: 760px) 100vw, 760px\" \/><p id=\"caption-attachment-1974\" class=\"wp-caption-text\">Filhos de Gandhy, no Carnaval de Salvador, na Bahia. <br \/> Fotos de Ricardo Junior \/ www.ricardojuniorfotografias.com.br<\/p><\/div>\n<p>O circuito tem apenas 2,5 quil\u00f4metros, que come\u00e7a no Moinho de Salvador e percorre toda a Avenida da Fran\u00e7a, no bairro do Com\u00e9rcio. Il\u00ea Aiy\u00ea, Filhos de Gandhy, Cortejo Afro, Mal\u00ea Debal\u00ea e Muzenza s\u00e3o alguns dos blocos que abrilhantam o Afr\u00f3dromo.<\/p>\n<p>Pronto! Agora \u00e9 s\u00f3 escolher qual circuito deseja aproveitar o carnaval de Salvador ou dividir seus dias entre as programa\u00e7\u00f5es de todos!<\/p>\n","protected":false},"excerpt":{"rendered":"<p>O Carnaval do Brasil \u00e9 considerado o melhor do mundo. Em alguns momentos at\u00e9 esquece-se que esta \u00e9 uma festa que acontece no planeta inteiro, pois aqui ela ganha uma for\u00e7a e alegria especial. E, entre as cidades que atraem mais foli\u00f5es durante os dias da Festa de Momo, Salvador ocupa as primeiras posi\u00e7\u00f5es. Em [&hellip;]<\/p>\n","protected":false},"author":4,"featured_media":1970,"comment_status":"open","ping_status":"open","sticky":false,"template":"","format":"standard","meta":{"footnotes":""},"categories":[237],"tags":[],"class_list":["post-1968","post","type-post","status-publish","format-standard","has-post-thumbnail","hentry","category-carnaval"],"aioseo_notices":[],"_links":{"self":[{"href":"https:\/\/www.guiaviagensbrasil.com\/blog\/wp-json\/wp\/v2\/posts\/1968","targetHints":{"allow":["GET"]}}],"collection":[{"href":"https:\/\/www.guiaviagensbrasil.com\/blog\/wp-json\/wp\/v2\/posts"}],"about":[{"href":"https:\/\/www.guiaviagensbrasil.com\/blog\/wp-json\/wp\/v2\/types\/post"}],"author":[{"embeddable":true,"href":"https:\/\/www.guiaviagensbrasil.com\/blog\/wp-json\/wp\/v2\/users\/4"}],"replies":[{"embeddable":true,"href":"https:\/\/www.guiaviagensbrasil.com\/blog\/wp-json\/wp\/v2\/comments?post=1968"}],"version-history":[{"count":0,"href":"https:\/\/www.guiaviagensbrasil.com\/blog\/wp-json\/wp\/v2\/posts\/1968\/revisions"}],"wp:featuredmedia":[{"embeddable":true,"href":"https:\/\/www.guiaviagensbrasil.com\/blog\/wp-json\/wp\/v2\/media\/1970"}],"wp:attachment":[{"href":"https:\/\/www.guiaviagensbrasil.com\/blog\/wp-json\/wp\/v2\/media?parent=1968"}],"wp:term":[{"taxonomy":"category","embeddable":true,"href":"https:\/\/www.guiaviagensbrasil.com\/blog\/wp-json\/wp\/v2\/categories?post=1968"},{"taxonomy":"post_tag","embeddable":true,"href":"https:\/\/www.guiaviagensbrasil.com\/blog\/wp-json\/wp\/v2\/tags?post=1968"}],"curies":[{"name":"wp","href":"https:\/\/api.w.org\/{rel}","templated":true}]}}