{"id":1958,"date":"2015-04-13T16:53:01","date_gmt":"2015-04-13T19:53:01","guid":{"rendered":"https:\/\/www.guiaviagensbrasil.com\/blog\/?p=1958"},"modified":"2015-06-18T10:14:47","modified_gmt":"2015-06-18T13:14:47","slug":"bertioga-capital-nacional-da-cultura-indigena","status":"publish","type":"post","link":"https:\/\/www.guiaviagensbrasil.com\/blog\/bertioga-capital-nacional-da-cultura-indigena\/","title":{"rendered":"Bertioga: Capital Nacional da Cultura Ind\u00edgena"},"content":{"rendered":"\n\n<div class=\"kk-star-ratings kksr-auto kksr-align-left kksr-valign-top\"\n    data-payload='{&quot;align&quot;:&quot;left&quot;,&quot;id&quot;:&quot;1958&quot;,&quot;slug&quot;:&quot;default&quot;,&quot;valign&quot;:&quot;top&quot;,&quot;ignore&quot;:&quot;&quot;,&quot;reference&quot;:&quot;auto&quot;,&quot;class&quot;:&quot;&quot;,&quot;count&quot;:&quot;0&quot;,&quot;legendonly&quot;:&quot;&quot;,&quot;readonly&quot;:&quot;&quot;,&quot;score&quot;:&quot;0&quot;,&quot;starsonly&quot;:&quot;&quot;,&quot;best&quot;:&quot;5&quot;,&quot;gap&quot;:&quot;4&quot;,&quot;greet&quot;:&quot;Avalie este artigo&quot;,&quot;legend&quot;:&quot;0\\\/5 - (0 votes)&quot;,&quot;size&quot;:&quot;24&quot;,&quot;title&quot;:&quot;Bertioga: Capital Nacional da Cultura Ind\\u00edgena&quot;,&quot;width&quot;:&quot;0&quot;,&quot;_legend&quot;:&quot;{score}\\\/{best} - ({count} {votes})&quot;,&quot;font_factor&quot;:&quot;1.25&quot;}'>\n            \n<div class=\"kksr-stars\">\n    \n<div class=\"kksr-stars-inactive\">\n            <div class=\"kksr-star\" data-star=\"1\" style=\"padding-right: 4px\">\n            \n\n<div class=\"kksr-icon\" style=\"width: 24px; height: 24px;\"><\/div>\n        <\/div>\n            <div class=\"kksr-star\" data-star=\"2\" style=\"padding-right: 4px\">\n            \n\n<div class=\"kksr-icon\" style=\"width: 24px; height: 24px;\"><\/div>\n        <\/div>\n            <div class=\"kksr-star\" data-star=\"3\" style=\"padding-right: 4px\">\n            \n\n<div class=\"kksr-icon\" style=\"width: 24px; height: 24px;\"><\/div>\n        <\/div>\n            <div class=\"kksr-star\" data-star=\"4\" style=\"padding-right: 4px\">\n            \n\n<div class=\"kksr-icon\" style=\"width: 24px; height: 24px;\"><\/div>\n        <\/div>\n            <div class=\"kksr-star\" data-star=\"5\" style=\"padding-right: 4px\">\n            \n\n<div class=\"kksr-icon\" style=\"width: 24px; height: 24px;\"><\/div>\n        <\/div>\n    <\/div>\n    \n<div class=\"kksr-stars-active\" style=\"width: 0px;\">\n            <div class=\"kksr-star\" style=\"padding-right: 4px\">\n            \n\n<div class=\"kksr-icon\" style=\"width: 24px; height: 24px;\"><\/div>\n        <\/div>\n            <div class=\"kksr-star\" style=\"padding-right: 4px\">\n            \n\n<div class=\"kksr-icon\" style=\"width: 24px; height: 24px;\"><\/div>\n        <\/div>\n            <div class=\"kksr-star\" style=\"padding-right: 4px\">\n            \n\n<div class=\"kksr-icon\" style=\"width: 24px; height: 24px;\"><\/div>\n        <\/div>\n            <div class=\"kksr-star\" style=\"padding-right: 4px\">\n            \n\n<div class=\"kksr-icon\" style=\"width: 24px; height: 24px;\"><\/div>\n        <\/div>\n            <div class=\"kksr-star\" style=\"padding-right: 4px\">\n            \n\n<div class=\"kksr-icon\" style=\"width: 24px; height: 24px;\"><\/div>\n        <\/div>\n    <\/div>\n<\/div>\n                \n\n<div class=\"kksr-legend\" style=\"font-size: 19.2px;\">\n            <span class=\"kksr-muted\">Avalie este artigo<\/span>\n    <\/div>\n    <\/div>\n<p>J\u00e1 imaginou reunir \u00edndios de v\u00e1rias etnias em um s\u00f3 lugar para uma grande celebra\u00e7\u00e3o da sua cultura e tradi\u00e7\u00e3o? Este \u00e9 o Festival Nacional da Cultura Ind\u00edgena que tem como palco a cidade de <a title=\"Saiba mais sobre Bertioga, no litoral de S\u00e3o Paulo.\" href=\"https:\/\/www.guiaviagensbrasil.com\/sp\/bertioga\/\" target=\"_blank\">Bertioga<\/a>, a 110 quil\u00f4metros de S\u00e3o Paulo, onde Patax\u00f3s, Paresis, Kayap\u00f3s, Bororos, Karaj\u00e1s e Guaranis realizam o maior evento no Brasil envolvendo esporte, dan\u00e7as, m\u00fasicas, rituais, culin\u00e1ria, cultura e tradi\u00e7\u00e3o ind\u00edgena.<\/p>\n<p>O Festival acontece desde 2001 e \u00e9 realizado na <a title=\"Conhe\u00e7a as praias de Bertioga\" href=\"https:\/\/www.guiaviagensbrasil.com\/sp\/praias-de-bertioga\/\" target=\"_blank\">Praia da Enseada<\/a>, onde \u00e9 montada uma estrutura para receber todos os visitantes. Em abril, quando o evento ocorre marcando o Dia do \u00cdndio, Bertioga recebe participantes e turistas que dobram o n\u00famero de habitantes e lotam os hot\u00e9is e pousadas.<\/p>\n<div id=\"attachment_1959\" style=\"width: 770px\" class=\"wp-caption aligncenter\"><img loading=\"lazy\" decoding=\"async\" aria-describedby=\"caption-attachment-1959\" class=\"wp-image-1959\" src=\"https:\/\/www.guiaviagensbrasil.com\/blog\/wp-content\/uploads\/2015\/04\/lindo-mar-praia-enseada-bertioga-sp.jpg\" alt=\"Praia da Enseada, local de realiza\u00e7\u00e3o do Festival Nacional da Cultura Ind\u00edgena, em Bertioga, S\u00e3o Paulo. Fotos de Ricardo Junior \/ www.ricardojuniorfotografias.com.br\" width=\"760\" height=\"507\" srcset=\"https:\/\/www.guiaviagensbrasil.com\/blog\/wp-content\/uploads\/2015\/04\/lindo-mar-praia-enseada-bertioga-sp.jpg 990w, https:\/\/www.guiaviagensbrasil.com\/blog\/wp-content\/uploads\/2015\/04\/lindo-mar-praia-enseada-bertioga-sp-300x200.jpg 300w\" sizes=\"auto, (max-width: 760px) 100vw, 760px\" \/><p id=\"caption-attachment-1959\" class=\"wp-caption-text\">Praia da Enseada, local de realiza\u00e7\u00e3o do Festival Nacional da Cultura Ind\u00edgena, em Bertioga, S\u00e3o Paulo. <br \/> Fotos de Ricardo Junior \/ www.ricardojuniorfotografias.com.br<\/p><\/div>\n<p>V\u00e1rias atra\u00e7\u00f5es fazem parte do Festival Nacional da Cultura Ind\u00edgena. As \u00e1guas da Praia da Enseada recebem a tradicional competi\u00e7\u00e3o de canoa havaiana e, na Pra\u00e7a de Eventos, ao lado do Forte S\u00e3o Jo\u00e3o, \u00e9 montada a Tenda Buriqui, onde acontecem as principais atra\u00e7\u00f5es e disputas.<\/p>\n<p>O <em>jikunahiti<\/em> (futebol de cabe\u00e7a) \u00e9 bastante interessante e apresenta a rapidez e agilidade dos competidores. J\u00e1 a corrida de tora e <em>huka huka<\/em> (luta corporal) mostram a for\u00e7a dos homens. O tradicional arco e flecha n\u00e3o poderia faltar e o <em>tihimore<\/em> (boliche ind\u00edgena) chama aten\u00e7\u00e3o dos observadores. Al\u00e9m disso, o visitante que participar do Festival poder\u00e1 conhecer as cerim\u00f4nias ind\u00edgenas, como o acendimento do fogo sagrado, que representa a ilumina\u00e7\u00e3o de novos caminhos, e a cerim\u00f4nia espiritual de boas-vindas.<\/p>\n<p>O <a title=\"Veja as atra\u00e7\u00f5es de Bertioga, em S\u00e3o Paulo.\" href=\"https:\/\/www.guiaviagensbrasil.com\/sp\/o-que-fazer-em-bertioga\/\" target=\"_blank\">Parque dos Tupiniquins<\/a> recebe a Feira de Arte Ind\u00edgena, onde as etnias mostram toda a exuber\u00e2ncia de suas indument\u00e1rias, al\u00e9m de utens\u00edlios dom\u00e9sticos bem trabalhados em fibras naturais.\u00a0No Parque tamb\u00e9m \u00e9 montada\u00a0a Tenda Tupiniquim, onde acontece o F\u00f3rum Social Ind\u00edgena, que em 2015 tem o tema \u2018Sustentabilidade e os par\u00e2metros da nova ecologia: Jogos Verdes e Juventude\u2019. L\u00edderes ind\u00edgenas e especialistas realizam debates e discuss\u00f5es com objetivo de desenvolvimento sustent\u00e1vel. Al\u00e9m disso, a Tenda Tupiniquim re\u00fane as express\u00f5es art\u00edsticas, como m\u00fasica, dan\u00e7as, rituais e um lugar especial para a saborosa culin\u00e1ria da etnia Guarani, os anfitri\u00f5es do Festival.<\/p>\n<p>J\u00e1 no Forte S\u00e3o Jo\u00e3o, express\u00e3o da hist\u00f3ria em Bertioga, ser\u00e3o exibidos filmes com a tem\u00e1tica ind\u00edgena e haver\u00e1 a exposi\u00e7\u00e3o de fotografia e pain\u00e9is.<\/p>\n<p>O Festival Nacional da Cultura e Esporte Ind\u00edgena acontece, em 2015, de 17 a 19 de abril. O evento \u00e9 realizado pela Secretaria de Turismo, Esporte e Cultura do Munic\u00edpio de Bertioga junto com o Comit\u00ea Intertribal \u2013 Mem\u00f3ria e Ci\u00eancia Ind\u00edgena, com sede em Bras\u00edlia.<\/p>\n<h2>Um pouquinho das etnias\u00a0participantes<\/h2>\n<p><strong>Guarani<\/strong><\/p>\n<p>Guaranis, Ava-Chiripas, Ava-Guaranis, Xiripas ou Tupi-Guaranis \u00e9 um dos povos ind\u00edgenas mais populosos do Brasil, chegando a mais de 30 mil. S\u00e3o os anfitri\u00f5es do Festival Nacional da Cultura Ind\u00edgena e, em Bertioga, moram na reserva ind\u00edgena Rio Silveira, j\u00e1 na divisa com o munic\u00edpio de S\u00e3o Sebasti\u00e3o.<\/p>\n<p><strong>Kayap\u00f3<\/strong><\/p>\n<p>Os Kayap\u00f3 vivem no Mato Grosso e no Par\u00e1, geralmente \u00e0s margens dos Rios Iriri, Bacaj\u00e1, Fresco e de outros afluentes do Xingu em aldeias com 200 a 500 habitantes. Os rituais s\u00e3o riqu\u00edssimos, como as cerim\u00f4nias de confirma\u00e7\u00e3o de nomes pessoais, de passagem, ritos agr\u00edcolas, de ca\u00e7a, pesca e dos eclipses solar e lunar.<\/p>\n<p><strong>Paresi\u00a0<\/strong><\/p>\n<p>Paresi \u00e9 a etnia que mais mesclou sua cultura com os n\u00e3o-ind\u00edgenas. Desde o s\u00e9culo XVII h\u00e1 relatos de contato entre Paresis e europeus, o que fez com que muitos costumes se perdessem. Assim, o Festival resgata muitas tradi\u00e7\u00f5es.<\/p>\n<p><strong>Patax\u00f3<\/strong><\/p>\n<p>Patax\u00f3 \u00e9 a etnia que teve o primeiro contato com os colonizadores portugueses, pois est\u00e3o localizados nos munic\u00edpios de <a title=\"PORTO SEGURO: Muito mais que a Terra do Descobrimento\" href=\"https:\/\/www.guiaviagensbrasil.com\/blog\/porto-seguro-muito-mais-que-a-terra-do-descobrimento\/\" target=\"_blank\">Porto Seguro<\/a> e de Santa Cruz de Cabr\u00e1lia, no sul da Bahia, e tamb\u00e9m em Minas Gerais, tendo como a principal aldeia a Terra Ind\u00edgena Barra Velha do Monte Pascoal. Os Patax\u00f3s s\u00e3o em torno de 12 mil pessoas, que tem hist\u00f3rico de muitos conflitos por terra. Apesar de tudo, sempre mantiveram suas tradi\u00e7\u00f5es e costumes, que podem ser conhecidos no Festival.<\/p>\n<p><strong>Bororo<\/strong><\/p>\n<p>O termo Bororo significa, na l\u00edngua nativa, \u201cp\u00e1tio da aldeia\u201d, devido a tradicional disposi\u00e7\u00e3o circular das casas. Tem uma riqueza de cerim\u00f4nias e rituais, que s\u00e3o constantes na vida dos Bororo, como ritos de passagem, de nomina\u00e7\u00e3o, inicia\u00e7\u00e3o e funeral. Alguns dos costumes podem ser conhecidos no Festival Nacional da Cultura Ind\u00edgena.<\/p>\n<div class=\"borda\">\n<h3>Links relacionados<\/h3>\n<ul style=\"color: #666666;\">\n<li><a style=\"color: #663399;\" title=\"Veja as galerias de fotos de Bertioga\" href=\"https:\/\/www.guiaviagensbrasil.com\/galerias\/sp\/fotos-de-bertioga\/\" target=\"_blank\">Galerias de fotos de Bertioga<\/a><\/li>\n<li><a style=\"color: #663399;\" title=\"Veja imagens 360\u00b0 de Bertioga\" href=\"https:\/\/www.guiaviagensbrasil.com\/imagens360\/sp\/imagens-360-graus-bertioga\/\" target=\"_blank\">Imagens 360\u00b0 de Bertioga<\/a><\/li>\n<li><a style=\"color: #663399;\" title=\"Conhe\u00e7a mais sobre Bertioga, em S\u00e3o Paulo.\" href=\"https:\/\/www.guiaviagensbrasil.com\/sp\/bertioga\/\" target=\"_blank\">Conhe\u00e7a mais sobre Bertioga<\/a><\/li>\n<\/ul>\n<\/div>\n","protected":false},"excerpt":{"rendered":"<p>J\u00e1 imaginou reunir \u00edndios de v\u00e1rias etnias em um s\u00f3 lugar para uma grande celebra\u00e7\u00e3o da sua cultura e tradi\u00e7\u00e3o? Este \u00e9 o Festival Nacional da Cultura Ind\u00edgena que tem como palco a cidade de Bertioga, a 110 quil\u00f4metros de S\u00e3o Paulo, onde Patax\u00f3s, Paresis, Kayap\u00f3s, Bororos, Karaj\u00e1s e Guaranis realizam o maior evento no [&hellip;]<\/p>\n","protected":false},"author":4,"featured_media":1959,"comment_status":"open","ping_status":"open","sticky":false,"template":"","format":"standard","meta":{"footnotes":""},"categories":[240],"tags":[249,231],"class_list":["post-1958","post","type-post","status-publish","format-standard","has-post-thumbnail","hentry","category-festas-e-festivais","tag-bertioga","tag-sao-paulo"],"aioseo_notices":[],"_links":{"self":[{"href":"https:\/\/www.guiaviagensbrasil.com\/blog\/wp-json\/wp\/v2\/posts\/1958","targetHints":{"allow":["GET"]}}],"collection":[{"href":"https:\/\/www.guiaviagensbrasil.com\/blog\/wp-json\/wp\/v2\/posts"}],"about":[{"href":"https:\/\/www.guiaviagensbrasil.com\/blog\/wp-json\/wp\/v2\/types\/post"}],"author":[{"embeddable":true,"href":"https:\/\/www.guiaviagensbrasil.com\/blog\/wp-json\/wp\/v2\/users\/4"}],"replies":[{"embeddable":true,"href":"https:\/\/www.guiaviagensbrasil.com\/blog\/wp-json\/wp\/v2\/comments?post=1958"}],"version-history":[{"count":0,"href":"https:\/\/www.guiaviagensbrasil.com\/blog\/wp-json\/wp\/v2\/posts\/1958\/revisions"}],"wp:featuredmedia":[{"embeddable":true,"href":"https:\/\/www.guiaviagensbrasil.com\/blog\/wp-json\/wp\/v2\/media\/1959"}],"wp:attachment":[{"href":"https:\/\/www.guiaviagensbrasil.com\/blog\/wp-json\/wp\/v2\/media?parent=1958"}],"wp:term":[{"taxonomy":"category","embeddable":true,"href":"https:\/\/www.guiaviagensbrasil.com\/blog\/wp-json\/wp\/v2\/categories?post=1958"},{"taxonomy":"post_tag","embeddable":true,"href":"https:\/\/www.guiaviagensbrasil.com\/blog\/wp-json\/wp\/v2\/tags?post=1958"}],"curies":[{"name":"wp","href":"https:\/\/api.w.org\/{rel}","templated":true}]}}