{"id":1776,"date":"2015-07-05T16:00:19","date_gmt":"2015-07-05T19:00:19","guid":{"rendered":"https:\/\/www.guiaviagensbrasil.com\/blog\/?p=1776"},"modified":"2019-08-28T11:03:51","modified_gmt":"2019-08-28T14:03:51","slug":"ricardo-junior-lencois-maranhenses","status":"publish","type":"post","link":"https:\/\/www.guiaviagensbrasil.com\/blog\/ricardo-junior-lencois-maranhenses\/","title":{"rendered":"Fot\u00f3grafo Ricardo J\u00fanior clica os incr\u00edveis Len\u00e7\u00f3is Maranhenses; veja as imagens."},"content":{"rendered":"\n\n<div class=\"kk-star-ratings kksr-auto kksr-align-left kksr-valign-top\"\n    data-payload='{&quot;align&quot;:&quot;left&quot;,&quot;id&quot;:&quot;1776&quot;,&quot;slug&quot;:&quot;default&quot;,&quot;valign&quot;:&quot;top&quot;,&quot;ignore&quot;:&quot;&quot;,&quot;reference&quot;:&quot;auto&quot;,&quot;class&quot;:&quot;&quot;,&quot;count&quot;:&quot;0&quot;,&quot;legendonly&quot;:&quot;&quot;,&quot;readonly&quot;:&quot;&quot;,&quot;score&quot;:&quot;0&quot;,&quot;starsonly&quot;:&quot;&quot;,&quot;best&quot;:&quot;5&quot;,&quot;gap&quot;:&quot;4&quot;,&quot;greet&quot;:&quot;Avalie este artigo&quot;,&quot;legend&quot;:&quot;0\\\/5 - (0 votes)&quot;,&quot;size&quot;:&quot;24&quot;,&quot;title&quot;:&quot;Fot\\u00f3grafo Ricardo J\\u00fanior clica os incr\\u00edveis Len\\u00e7\\u00f3is Maranhenses; veja as imagens.&quot;,&quot;width&quot;:&quot;0&quot;,&quot;_legend&quot;:&quot;{score}\\\/{best} - ({count} {votes})&quot;,&quot;font_factor&quot;:&quot;1.25&quot;}'>\n            \n<div class=\"kksr-stars\">\n    \n<div class=\"kksr-stars-inactive\">\n            <div class=\"kksr-star\" data-star=\"1\" style=\"padding-right: 4px\">\n            \n\n<div class=\"kksr-icon\" style=\"width: 24px; height: 24px;\"><\/div>\n        <\/div>\n            <div class=\"kksr-star\" data-star=\"2\" style=\"padding-right: 4px\">\n            \n\n<div class=\"kksr-icon\" style=\"width: 24px; height: 24px;\"><\/div>\n        <\/div>\n            <div class=\"kksr-star\" data-star=\"3\" style=\"padding-right: 4px\">\n            \n\n<div class=\"kksr-icon\" style=\"width: 24px; height: 24px;\"><\/div>\n        <\/div>\n            <div class=\"kksr-star\" data-star=\"4\" style=\"padding-right: 4px\">\n            \n\n<div class=\"kksr-icon\" style=\"width: 24px; height: 24px;\"><\/div>\n        <\/div>\n            <div class=\"kksr-star\" data-star=\"5\" style=\"padding-right: 4px\">\n            \n\n<div class=\"kksr-icon\" style=\"width: 24px; height: 24px;\"><\/div>\n        <\/div>\n    <\/div>\n    \n<div class=\"kksr-stars-active\" style=\"width: 0px;\">\n            <div class=\"kksr-star\" style=\"padding-right: 4px\">\n            \n\n<div class=\"kksr-icon\" style=\"width: 24px; height: 24px;\"><\/div>\n        <\/div>\n            <div class=\"kksr-star\" style=\"padding-right: 4px\">\n            \n\n<div class=\"kksr-icon\" style=\"width: 24px; height: 24px;\"><\/div>\n        <\/div>\n            <div class=\"kksr-star\" style=\"padding-right: 4px\">\n            \n\n<div class=\"kksr-icon\" style=\"width: 24px; height: 24px;\"><\/div>\n        <\/div>\n            <div class=\"kksr-star\" style=\"padding-right: 4px\">\n            \n\n<div class=\"kksr-icon\" style=\"width: 24px; height: 24px;\"><\/div>\n        <\/div>\n            <div class=\"kksr-star\" style=\"padding-right: 4px\">\n            \n\n<div class=\"kksr-icon\" style=\"width: 24px; height: 24px;\"><\/div>\n        <\/div>\n    <\/div>\n<\/div>\n                \n\n<div class=\"kksr-legend\" style=\"font-size: 19.2px;\">\n            <span class=\"kksr-muted\">Avalie este artigo<\/span>\n    <\/div>\n    <\/div>\n<p>O fot\u00f3grafo <a title=\"Ricardo Junior Fotografias.\" href=\"http:\/\/www.ricardojuniorfotografias.com.br\" target=\"_blank\" rel=\"noopener noreferrer\">Ricardo J\u00fanior<\/a> foi at\u00e9 o Maranh\u00e3o para clicar o mais incr\u00edvel cen\u00e1rio da regi\u00e3o: os Len\u00e7\u00f3is.<\/p>\n<p>Ricardo registrou desde a sa\u00edda da pacata cidade de Barreirinhas, ponto inicial para passeios para o Parque Nacional dos Len\u00e7\u00f3is, at\u00e9 o bel\u00edssimo por do sol apreciado do alto das dunas de areia fina e clara, com os \u00faltimos raios deixando as lagoas douradas.<\/p>\n<p>O fot\u00f3grafo, j\u00e1 acostumado com as belas paisagens brasileiras, diz que &#8220;os Len\u00e7\u00f3is s\u00e3o incrivelmente belos pelo contraste entre a aridez das dunas e a vida das lagoas, em toda sua imensid\u00e3o&#8221;.<\/p>\n<p>Ricardo conta que foram 10\u00a0dias de cliques com cen\u00e1rios de cinema e o vilarejo \u00e0s margens do Rio Pregui\u00e7a o fez querer ficar ainda mais, assim como a popula\u00e7\u00e3o acolhedora da regi\u00e3o.<\/p>\n<p>O <a href=\"https:\/\/www.guiaviagensbrasil.com\/ma\/lencois-maranhenses\/\">Parque Nacional dos Len\u00e7\u00f3is Maranhenses<\/a> abriga em seus 115 mil hectares belas lagoas, como a Bonita e a Azul, formadas a partir da \u00e1gua da chuva represada entre as dunas de areia que chegam a 40 metros de altura.\u00a0<span style=\"line-height: 1.5;\">Ainda no circuito dos Len\u00e7\u00f3is, Ricardo visitou Cabur\u00e9, que \u00e9 a praia da regi\u00e3o, com \u00e1guas cristalinas do mar, acessada via Atins, \u00e0 uma hora de barco de Barreirinhas via Rio Pregui\u00e7a, com direito a parada para conhecer a comunidade Mandacaru.<\/span><\/p>\n<p>As Lagoas Gaivota e Bet\u00e2nia, em Santo Amaro do Maranh\u00e3o, a 100 km de Barreirinhas, tamb\u00e9m encantaram Ricardo, que diz que \u201ctodo esfor\u00e7o e cansa\u00e7o para chegar \u00e0s lagoas s\u00e3o recompensadas pelas imagens inesquec\u00edveis\u201d.<\/p>\n<p>Veja algumas imagens:<\/p>\n<div id=\"attachment_2512\" style=\"width: 1210px\" class=\"wp-caption aligncenter\"><a href=\"https:\/\/www.guiaviagensbrasil.com\/blog\/wp-content\/uploads\/2015\/03\/foto-lencois-maranhenses-por-ricardo-junior.jpg\"><img loading=\"lazy\" decoding=\"async\" aria-describedby=\"caption-attachment-2512\" class=\"size-full wp-image-2512\" src=\"https:\/\/www.guiaviagensbrasil.com\/blog\/wp-content\/uploads\/2015\/03\/foto-lencois-maranhenses-por-ricardo-junior.jpg\" alt=\"Lagoa azul nos Len\u00e7\u00f3is Maranhenses - Foto: Ricardo Junior (www.ricardojuniorfotografias.com.br)\" width=\"1200\" height=\"800\" srcset=\"https:\/\/www.guiaviagensbrasil.com\/blog\/wp-content\/uploads\/2015\/03\/foto-lencois-maranhenses-por-ricardo-junior.jpg 1200w, https:\/\/www.guiaviagensbrasil.com\/blog\/wp-content\/uploads\/2015\/03\/foto-lencois-maranhenses-por-ricardo-junior-300x200.jpg 300w, https:\/\/www.guiaviagensbrasil.com\/blog\/wp-content\/uploads\/2015\/03\/foto-lencois-maranhenses-por-ricardo-junior-1024x683.jpg 1024w\" sizes=\"auto, (max-width: 1200px) 100vw, 1200px\" \/><\/a><p id=\"caption-attachment-2512\" class=\"wp-caption-text\">Lagoa azul nos Len\u00e7\u00f3is Maranhenses &#8211; Foto: Ricardo Junior (www.ricardojuniorfotografias.com.br)<\/p><\/div>\n<p>&nbsp;<\/p>\n<p><img loading=\"lazy\" decoding=\"async\" class=\"aligncenter wp-image-4784 size-full\" src=\"https:\/\/www.guiaviagensbrasil.com\/blog\/wp-content\/uploads\/2016\/06\/dunas-circuito-lagoa-azul-barreirinhas-ma.jpg\" alt=\"\" width=\"1200\" height=\"800\" srcset=\"https:\/\/www.guiaviagensbrasil.com\/blog\/wp-content\/uploads\/2016\/06\/dunas-circuito-lagoa-azul-barreirinhas-ma.jpg 1200w, https:\/\/www.guiaviagensbrasil.com\/blog\/wp-content\/uploads\/2016\/06\/dunas-circuito-lagoa-azul-barreirinhas-ma-300x200.jpg 300w, https:\/\/www.guiaviagensbrasil.com\/blog\/wp-content\/uploads\/2016\/06\/dunas-circuito-lagoa-azul-barreirinhas-ma-1024x683.jpg 1024w\" sizes=\"auto, (max-width: 1200px) 100vw, 1200px\" \/><\/p>\n<p>&nbsp;<\/p>\n<div id=\"attachment_2975\" style=\"width: 1210px\" class=\"wp-caption aligncenter\"><img loading=\"lazy\" decoding=\"async\" aria-describedby=\"caption-attachment-2975\" class=\"wp-image-2975 size-full\" src=\"https:\/\/www.guiaviagensbrasil.com\/blog\/wp-content\/uploads\/2013\/08\/por-do-sol-nos-lencois-maranhenses-ma.jpg\" alt=\"P\u00f4r do Sol nos Len\u00e7\u00f3is Maranhenses\" width=\"1200\" height=\"800\" srcset=\"https:\/\/www.guiaviagensbrasil.com\/blog\/wp-content\/uploads\/2013\/08\/por-do-sol-nos-lencois-maranhenses-ma.jpg 1200w, https:\/\/www.guiaviagensbrasil.com\/blog\/wp-content\/uploads\/2013\/08\/por-do-sol-nos-lencois-maranhenses-ma-300x200.jpg 300w, https:\/\/www.guiaviagensbrasil.com\/blog\/wp-content\/uploads\/2013\/08\/por-do-sol-nos-lencois-maranhenses-ma-1024x683.jpg 1024w\" sizes=\"auto, (max-width: 1200px) 100vw, 1200px\" \/><p id=\"caption-attachment-2975\" class=\"wp-caption-text\">P\u00f4r do Sol nos Len\u00e7\u00f3is Maranhenses. &#8211; Fotos de Ricardo Junior \/ www.ricardojuniorfotografias.com.br<\/p><\/div>\n<p>&nbsp;<\/p>\n<div id=\"attachment_2515\" style=\"width: 1210px\" class=\"wp-caption aligncenter\"><a href=\"https:\/\/www.guiaviagensbrasil.com\/blog\/wp-content\/uploads\/2015\/03\/foto-lagoa-bonita-turistas-passeando-nas-dunas-lencois-maranhenses-por-ricardo-junior.jpg\"><img loading=\"lazy\" decoding=\"async\" aria-describedby=\"caption-attachment-2515\" class=\"size-full wp-image-2515\" src=\"https:\/\/www.guiaviagensbrasil.com\/blog\/wp-content\/uploads\/2015\/03\/foto-lagoa-bonita-turistas-passeando-nas-dunas-lencois-maranhenses-por-ricardo-junior.jpg\" alt=\"Foto Lagoa Bonita nos Len\u00e7\u00f3is Maranhenses - Foto: Ricardo Junior (www.ricardojuniorfotografias.com.br)\" width=\"1200\" height=\"800\" srcset=\"https:\/\/www.guiaviagensbrasil.com\/blog\/wp-content\/uploads\/2015\/03\/foto-lagoa-bonita-turistas-passeando-nas-dunas-lencois-maranhenses-por-ricardo-junior.jpg 1200w, https:\/\/www.guiaviagensbrasil.com\/blog\/wp-content\/uploads\/2015\/03\/foto-lagoa-bonita-turistas-passeando-nas-dunas-lencois-maranhenses-por-ricardo-junior-300x200.jpg 300w, https:\/\/www.guiaviagensbrasil.com\/blog\/wp-content\/uploads\/2015\/03\/foto-lagoa-bonita-turistas-passeando-nas-dunas-lencois-maranhenses-por-ricardo-junior-1024x683.jpg 1024w\" sizes=\"auto, (max-width: 1200px) 100vw, 1200px\" \/><\/a><p id=\"caption-attachment-2515\" class=\"wp-caption-text\">Foto Lagoa Bonita nos Len\u00e7\u00f3is Maranhenses &#8211; Foto: Ricardo Junior (www.ricardojuniorfotografias.com.br)<\/p><\/div>\n<p>&nbsp;<\/p>\n<div id=\"attachment_2516\" style=\"width: 1210px\" class=\"wp-caption aligncenter\"><a href=\"https:\/\/www.guiaviagensbrasil.com\/blog\/wp-content\/uploads\/2015\/03\/foto-passeio-para-chegar-na-lagoa-azul-lencois-maranhenses-por-ricardo-junior.jpg\"><img loading=\"lazy\" decoding=\"async\" aria-describedby=\"caption-attachment-2516\" class=\"size-full wp-image-2516\" src=\"https:\/\/www.guiaviagensbrasil.com\/blog\/wp-content\/uploads\/2015\/03\/foto-passeio-para-chegar-na-lagoa-azul-lencois-maranhenses-por-ricardo-junior.jpg\" alt=\"Foto passeio de Toyota para chegar na Lagoa Azul, Len\u00e7\u00f3is Maranhenses - Foto: Ricardo Junior (www.ricardojuniorfotografias.com.br)\" width=\"1200\" height=\"800\" srcset=\"https:\/\/www.guiaviagensbrasil.com\/blog\/wp-content\/uploads\/2015\/03\/foto-passeio-para-chegar-na-lagoa-azul-lencois-maranhenses-por-ricardo-junior.jpg 1200w, https:\/\/www.guiaviagensbrasil.com\/blog\/wp-content\/uploads\/2015\/03\/foto-passeio-para-chegar-na-lagoa-azul-lencois-maranhenses-por-ricardo-junior-300x200.jpg 300w, https:\/\/www.guiaviagensbrasil.com\/blog\/wp-content\/uploads\/2015\/03\/foto-passeio-para-chegar-na-lagoa-azul-lencois-maranhenses-por-ricardo-junior-1024x683.jpg 1024w\" sizes=\"auto, (max-width: 1200px) 100vw, 1200px\" \/><\/a><p id=\"caption-attachment-2516\" class=\"wp-caption-text\">Foto passeio de Toyota para chegar na Lagoa Azul, Len\u00e7\u00f3is Maranhenses &#8211; Foto: Ricardo Junior (www.ricardojuniorfotografias.com.br)<\/p><\/div>\n<p>&nbsp;<\/p>\n<div id=\"attachment_2517\" style=\"width: 1210px\" class=\"wp-caption aligncenter\"><a href=\"https:\/\/www.guiaviagensbrasil.com\/blog\/wp-content\/uploads\/2015\/03\/foto-piscinas-naturais-da-lagoa-bonita-lencois-maranhenses-por-ricardo-junior.jpg\"><img loading=\"lazy\" decoding=\"async\" aria-describedby=\"caption-attachment-2517\" class=\"size-full wp-image-2517\" src=\"https:\/\/www.guiaviagensbrasil.com\/blog\/wp-content\/uploads\/2015\/03\/foto-piscinas-naturais-da-lagoa-bonita-lencois-maranhenses-por-ricardo-junior.jpg\" alt=\"Foto Piscinas Naturais da Lagoa Bonita nos Len\u00e7\u00f3is Maranhenses - Foto: Ricardo Junior (www.ricardojuniorfotografias.com.br)\" width=\"1200\" height=\"800\" srcset=\"https:\/\/www.guiaviagensbrasil.com\/blog\/wp-content\/uploads\/2015\/03\/foto-piscinas-naturais-da-lagoa-bonita-lencois-maranhenses-por-ricardo-junior.jpg 1200w, https:\/\/www.guiaviagensbrasil.com\/blog\/wp-content\/uploads\/2015\/03\/foto-piscinas-naturais-da-lagoa-bonita-lencois-maranhenses-por-ricardo-junior-300x200.jpg 300w, https:\/\/www.guiaviagensbrasil.com\/blog\/wp-content\/uploads\/2015\/03\/foto-piscinas-naturais-da-lagoa-bonita-lencois-maranhenses-por-ricardo-junior-1024x683.jpg 1024w\" sizes=\"auto, (max-width: 1200px) 100vw, 1200px\" \/><\/a><p id=\"caption-attachment-2517\" class=\"wp-caption-text\">Foto Piscinas Naturais da Lagoa Bonita nos Len\u00e7\u00f3is Maranhenses &#8211; Foto: Ricardo Junior (www.ricardojuniorfotografias.com.br)<\/p><\/div>\n<p>&nbsp;<\/p>\n<div id=\"attachment_2518\" style=\"width: 1210px\" class=\"wp-caption aligncenter\"><a href=\"https:\/\/www.guiaviagensbrasil.com\/blog\/wp-content\/uploads\/2015\/03\/foto-por-do-sol-lencois-maranhenses-por-ricardo-junior.jpg\"><img loading=\"lazy\" decoding=\"async\" aria-describedby=\"caption-attachment-2518\" class=\"size-full wp-image-2518\" src=\"https:\/\/www.guiaviagensbrasil.com\/blog\/wp-content\/uploads\/2015\/03\/foto-por-do-sol-lencois-maranhenses-por-ricardo-junior.jpg\" alt=\"Foto P\u00f4r do Sol em Santo Amaro do Maranh\u00e3o, Len\u00e7\u00f3is Maranhenses - Foto: Ricardo Junior (www.ricardojuniorfotografias.com.br)\" width=\"1200\" height=\"800\" srcset=\"https:\/\/www.guiaviagensbrasil.com\/blog\/wp-content\/uploads\/2015\/03\/foto-por-do-sol-lencois-maranhenses-por-ricardo-junior.jpg 1200w, https:\/\/www.guiaviagensbrasil.com\/blog\/wp-content\/uploads\/2015\/03\/foto-por-do-sol-lencois-maranhenses-por-ricardo-junior-300x200.jpg 300w, https:\/\/www.guiaviagensbrasil.com\/blog\/wp-content\/uploads\/2015\/03\/foto-por-do-sol-lencois-maranhenses-por-ricardo-junior-1024x683.jpg 1024w\" sizes=\"auto, (max-width: 1200px) 100vw, 1200px\" \/><\/a><p id=\"caption-attachment-2518\" class=\"wp-caption-text\">Foto P\u00f4r do Sol em Santo Amaro do Maranh\u00e3o, Len\u00e7\u00f3is Maranhenses &#8211; Foto: Ricardo Junior (www.ricardojuniorfotografias.com.br)<\/p><\/div>\n<p>&nbsp;<\/p>\n<div id=\"attachment_2530\" style=\"width: 1210px\" class=\"wp-caption aligncenter\"><a href=\"https:\/\/www.guiaviagensbrasil.com\/blog\/wp-content\/uploads\/2015\/07\/rio-preguica-lencois-maranhenses.jpg\"><img loading=\"lazy\" decoding=\"async\" aria-describedby=\"caption-attachment-2530\" class=\"size-full wp-image-2530\" src=\"https:\/\/www.guiaviagensbrasil.com\/blog\/wp-content\/uploads\/2015\/07\/rio-preguica-lencois-maranhenses.jpg\" alt=\"Foto rio pregui\u00e7a, Len\u00e7\u00f3is Maranhenses - Foto: Ricardo Junior (www.ricardojuniorfotografias.com.br)\" width=\"1200\" height=\"800\" srcset=\"https:\/\/www.guiaviagensbrasil.com\/blog\/wp-content\/uploads\/2015\/07\/rio-preguica-lencois-maranhenses.jpg 1200w, https:\/\/www.guiaviagensbrasil.com\/blog\/wp-content\/uploads\/2015\/07\/rio-preguica-lencois-maranhenses-300x200.jpg 300w, https:\/\/www.guiaviagensbrasil.com\/blog\/wp-content\/uploads\/2015\/07\/rio-preguica-lencois-maranhenses-1024x683.jpg 1024w\" sizes=\"auto, (max-width: 1200px) 100vw, 1200px\" \/><\/a><p id=\"caption-attachment-2530\" class=\"wp-caption-text\">Foto rio pregui\u00e7a, Len\u00e7\u00f3is Maranhenses &#8211; Foto: Ricardo Junior (www.ricardojuniorfotografias.com.br)<\/p><\/div>\n<p>&nbsp;<\/p>\n<div id=\"attachment_2519\" style=\"width: 1210px\" class=\"wp-caption aligncenter\"><a href=\"https:\/\/www.guiaviagensbrasil.com\/blog\/wp-content\/uploads\/2015\/03\/foto-toyota-e-piscinas-naturais-lencois-maranhenses-por-ricardo-junior.jpg\"><img loading=\"lazy\" decoding=\"async\" aria-describedby=\"caption-attachment-2519\" class=\"size-full wp-image-2519\" src=\"https:\/\/www.guiaviagensbrasil.com\/blog\/wp-content\/uploads\/2015\/03\/foto-toyota-e-piscinas-naturais-lencois-maranhenses-por-ricardo-junior.jpg\" alt=\"Foto Piscinas Naturais de Santo Amaro do Maranh\u00e3o nos Len\u00e7\u00f3is Maranhenses - Foto: Ricardo Junior (www.ricardojuniorfotografias.com.br)\" width=\"1200\" height=\"800\" srcset=\"https:\/\/www.guiaviagensbrasil.com\/blog\/wp-content\/uploads\/2015\/03\/foto-toyota-e-piscinas-naturais-lencois-maranhenses-por-ricardo-junior.jpg 1200w, https:\/\/www.guiaviagensbrasil.com\/blog\/wp-content\/uploads\/2015\/03\/foto-toyota-e-piscinas-naturais-lencois-maranhenses-por-ricardo-junior-300x200.jpg 300w, https:\/\/www.guiaviagensbrasil.com\/blog\/wp-content\/uploads\/2015\/03\/foto-toyota-e-piscinas-naturais-lencois-maranhenses-por-ricardo-junior-1024x683.jpg 1024w\" sizes=\"auto, (max-width: 1200px) 100vw, 1200px\" \/><\/a><p id=\"caption-attachment-2519\" class=\"wp-caption-text\">Foto Piscinas Naturais de Santo Amaro do Maranh\u00e3o nos Len\u00e7\u00f3is Maranhenses &#8211; Foto: Ricardo Junior (www.ricardojuniorfotografias.com.br)<\/p><\/div>\n<p>&nbsp;<\/p>\n<p>Veja mais trabalhos realizados no Brasil pelo <strong>fot\u00f3grafo Ricardo Junior<\/strong>\u00a0<a href=\"http:\/\/www.ricardojuniorfotografias.com.br\" target=\"_blank\" rel=\"noopener noreferrer\">clicando aqui<\/a>!<\/p>\n<p>&nbsp;<\/p>\n","protected":false},"excerpt":{"rendered":"<p>O fot\u00f3grafo Ricardo J\u00fanior foi at\u00e9 o Maranh\u00e3o para clicar o mais incr\u00edvel cen\u00e1rio da regi\u00e3o: os Len\u00e7\u00f3is. Ricardo registrou desde a sa\u00edda da pacata cidade de Barreirinhas, ponto inicial para passeios para o Parque Nacional dos Len\u00e7\u00f3is, at\u00e9 o bel\u00edssimo por do sol apreciado do alto das dunas de areia fina e clara, com [&hellip;]<\/p>\n","protected":false},"author":4,"featured_media":2521,"comment_status":"open","ping_status":"open","sticky":false,"template":"","format":"standard","meta":{"footnotes":""},"categories":[98],"tags":[148,149],"class_list":["post-1776","post","type-post","status-publish","format-standard","has-post-thumbnail","hentry","category-album-de-viagem","tag-lencois-maranhenses","tag-maranhao"],"aioseo_notices":[],"_links":{"self":[{"href":"https:\/\/www.guiaviagensbrasil.com\/blog\/wp-json\/wp\/v2\/posts\/1776","targetHints":{"allow":["GET"]}}],"collection":[{"href":"https:\/\/www.guiaviagensbrasil.com\/blog\/wp-json\/wp\/v2\/posts"}],"about":[{"href":"https:\/\/www.guiaviagensbrasil.com\/blog\/wp-json\/wp\/v2\/types\/post"}],"author":[{"embeddable":true,"href":"https:\/\/www.guiaviagensbrasil.com\/blog\/wp-json\/wp\/v2\/users\/4"}],"replies":[{"embeddable":true,"href":"https:\/\/www.guiaviagensbrasil.com\/blog\/wp-json\/wp\/v2\/comments?post=1776"}],"version-history":[{"count":4,"href":"https:\/\/www.guiaviagensbrasil.com\/blog\/wp-json\/wp\/v2\/posts\/1776\/revisions"}],"predecessor-version":[{"id":9608,"href":"https:\/\/www.guiaviagensbrasil.com\/blog\/wp-json\/wp\/v2\/posts\/1776\/revisions\/9608"}],"wp:featuredmedia":[{"embeddable":true,"href":"https:\/\/www.guiaviagensbrasil.com\/blog\/wp-json\/wp\/v2\/media\/2521"}],"wp:attachment":[{"href":"https:\/\/www.guiaviagensbrasil.com\/blog\/wp-json\/wp\/v2\/media?parent=1776"}],"wp:term":[{"taxonomy":"category","embeddable":true,"href":"https:\/\/www.guiaviagensbrasil.com\/blog\/wp-json\/wp\/v2\/categories?post=1776"},{"taxonomy":"post_tag","embeddable":true,"href":"https:\/\/www.guiaviagensbrasil.com\/blog\/wp-json\/wp\/v2\/tags?post=1776"}],"curies":[{"name":"wp","href":"https:\/\/api.w.org\/{rel}","templated":true}]}}