{"id":1641,"date":"2015-02-24T14:21:46","date_gmt":"2015-02-24T17:21:46","guid":{"rendered":"https:\/\/www.guiaviagensbrasil.com\/blog\/?p=1641"},"modified":"2018-04-28T07:12:43","modified_gmt":"2018-04-28T10:12:43","slug":"feriados-2015-brasil","status":"publish","type":"post","link":"https:\/\/www.guiaviagensbrasil.com\/blog\/feriados-2015-brasil\/","title":{"rendered":"FERIADOS 2015: Programe j\u00e1 a sua pr\u00f3xima viagem!"},"content":{"rendered":"\n\n<div class=\"kk-star-ratings kksr-auto kksr-align-left kksr-valign-top\"\n    data-payload='{&quot;align&quot;:&quot;left&quot;,&quot;id&quot;:&quot;1641&quot;,&quot;slug&quot;:&quot;default&quot;,&quot;valign&quot;:&quot;top&quot;,&quot;ignore&quot;:&quot;&quot;,&quot;reference&quot;:&quot;auto&quot;,&quot;class&quot;:&quot;&quot;,&quot;count&quot;:&quot;0&quot;,&quot;legendonly&quot;:&quot;&quot;,&quot;readonly&quot;:&quot;&quot;,&quot;score&quot;:&quot;0&quot;,&quot;starsonly&quot;:&quot;&quot;,&quot;best&quot;:&quot;5&quot;,&quot;gap&quot;:&quot;4&quot;,&quot;greet&quot;:&quot;Avalie este artigo&quot;,&quot;legend&quot;:&quot;0\\\/5 - (0 votes)&quot;,&quot;size&quot;:&quot;24&quot;,&quot;title&quot;:&quot;FERIADOS 2015: Programe j\\u00e1 a sua pr\\u00f3xima viagem!&quot;,&quot;width&quot;:&quot;0&quot;,&quot;_legend&quot;:&quot;{score}\\\/{best} - ({count} {votes})&quot;,&quot;font_factor&quot;:&quot;1.25&quot;}'>\n            \n<div class=\"kksr-stars\">\n    \n<div class=\"kksr-stars-inactive\">\n            <div class=\"kksr-star\" data-star=\"1\" style=\"padding-right: 4px\">\n            \n\n<div class=\"kksr-icon\" style=\"width: 24px; height: 24px;\"><\/div>\n        <\/div>\n            <div class=\"kksr-star\" data-star=\"2\" style=\"padding-right: 4px\">\n            \n\n<div class=\"kksr-icon\" style=\"width: 24px; height: 24px;\"><\/div>\n        <\/div>\n            <div class=\"kksr-star\" data-star=\"3\" style=\"padding-right: 4px\">\n            \n\n<div class=\"kksr-icon\" style=\"width: 24px; height: 24px;\"><\/div>\n        <\/div>\n            <div class=\"kksr-star\" data-star=\"4\" style=\"padding-right: 4px\">\n            \n\n<div class=\"kksr-icon\" style=\"width: 24px; height: 24px;\"><\/div>\n        <\/div>\n            <div class=\"kksr-star\" data-star=\"5\" style=\"padding-right: 4px\">\n            \n\n<div class=\"kksr-icon\" style=\"width: 24px; height: 24px;\"><\/div>\n        <\/div>\n    <\/div>\n    \n<div class=\"kksr-stars-active\" style=\"width: 0px;\">\n            <div class=\"kksr-star\" style=\"padding-right: 4px\">\n            \n\n<div class=\"kksr-icon\" style=\"width: 24px; height: 24px;\"><\/div>\n        <\/div>\n            <div class=\"kksr-star\" style=\"padding-right: 4px\">\n            \n\n<div class=\"kksr-icon\" style=\"width: 24px; height: 24px;\"><\/div>\n        <\/div>\n            <div class=\"kksr-star\" style=\"padding-right: 4px\">\n            \n\n<div class=\"kksr-icon\" style=\"width: 24px; height: 24px;\"><\/div>\n        <\/div>\n            <div class=\"kksr-star\" style=\"padding-right: 4px\">\n            \n\n<div class=\"kksr-icon\" style=\"width: 24px; height: 24px;\"><\/div>\n        <\/div>\n            <div class=\"kksr-star\" style=\"padding-right: 4px\">\n            \n\n<div class=\"kksr-icon\" style=\"width: 24px; height: 24px;\"><\/div>\n        <\/div>\n    <\/div>\n<\/div>\n                \n\n<div class=\"kksr-legend\" style=\"font-size: 19.2px;\">\n            <span class=\"kksr-muted\">Avalie este artigo<\/span>\n    <\/div>\n    <\/div>\n<p>Carnaval, o feriado prolongado queridinho de todo foli\u00e3o, j\u00e1 acabou e logo chega mar\u00e7o onde recuperamos as energias (e as finan\u00e7as) para aproveitarmos o restante dos feriados do ano.<\/p>\n<p>E \u00e9 s\u00f3 dar uma olhadinha para o calend\u00e1rio para ver que 2015 nos brindou com v\u00e1rios <strong>feriados<\/strong> que, para quem consegue, s\u00e3o \u00f3timos para emendar.<\/p>\n<p>Abril j\u00e1 come\u00e7a com duas datas \u00f3tima, P\u00e1scoa e Tiradentes, e sem mentira do dia 01. Logo em seguida, maio merece um descanso no Dia do Trabalhador. Junho traz o friozinho e Corpus Christi caindo em uma quinta-feira. F\u00e9rias de julho e chegamos a setembro, com o Dia da Independ\u00eancia na segunda-feira! Outubro com dia 12 na segundona! E novembro&#8230; adivinhem? Dia 02 na SEGUNDA! S\u00f3 dia 15 de novembro que ficou no domingo, mas tudo bem, j\u00e1 deu para aproveitar bastante! Ah, s\u00f3 para lembrar: Natal e Ano Novo (25 e 01) est\u00e3o na sexta-feira!<\/p>\n<p>Pensando nos viajantes de plant\u00e3o, o <a title=\"Guia Viagens Brasil\" href=\"https:\/\/www.guiaviagensbrasil.com\" target=\"_blank\" rel=\"noopener\">Guia Viagens Brasil<\/a> separou algumas dicas para estes feriados. Confira as sugest\u00f5es por data e boa viagem!<\/p>\n<p>&nbsp;<\/p>\n<h2><strong>3 a 5 de abril: Sexta-Feira Santa e P\u00e1scoa<\/strong><\/h2>\n<p>O doce feriado da P\u00e1scoa, que geralmente ocorre em mar\u00e7o, em 2015 ficou em abril, no dia 3 Sexta-Feira Santa e dia 5 Domingo de P\u00e1scoa, criando duas folgas no mesmo m\u00eas.<\/p>\n<p>Para os apaixonados por chocolates e tamb\u00e9m quem viaja com filhos, o destino da Serra Ga\u00facha \u00e9 especial, mesmo sem a Chocofest, que n\u00e3o ocorre este ano devido a quest\u00f5es financeiras da empresa promotora. Al\u00e9m de todos os encantos das charmosas cidadezinhas, na regi\u00e3o h\u00e1 v\u00e1rias empresas fabricantes de chocolates, que por si s\u00f3 j\u00e1 s\u00e3o uma atra\u00e7\u00e3o que vale a pena.<\/p>\n<p><strong>Gramado<\/strong> e Canela concentram as principais atra\u00e7\u00f5es, mas visite tamb\u00e9m Garibaldi, Nova Petr\u00f3polis e Bento Gon\u00e7alves e conhe\u00e7a toda a beleza da regi\u00e3o.<\/p>\n<div id=\"attachment_1643\" style=\"width: 750px\" class=\"wp-caption aligncenter\"><img loading=\"lazy\" decoding=\"async\" aria-describedby=\"caption-attachment-1643\" class=\"wp-image-1643\" src=\"https:\/\/www.guiaviagensbrasil.com\/blog\/wp-content\/uploads\/2015\/02\/varios-chocolates-fabrica-chocolate-gramado-rs.jpg\" alt=\"Doce passeio pelas f\u00e1bricas de chocolate em Gramado, Rio Grande do Sul. Photograph by Ricardo Junior \/ www.ricardojuniorfotografias.com.br\" width=\"740\" height=\"493\" srcset=\"https:\/\/www.guiaviagensbrasil.com\/blog\/wp-content\/uploads\/2015\/02\/varios-chocolates-fabrica-chocolate-gramado-rs.jpg 990w, https:\/\/www.guiaviagensbrasil.com\/blog\/wp-content\/uploads\/2015\/02\/varios-chocolates-fabrica-chocolate-gramado-rs-300x200.jpg 300w\" sizes=\"auto, (max-width: 740px) 100vw, 740px\" \/><p id=\"caption-attachment-1643\" class=\"wp-caption-text\">Doce passeio pelas f\u00e1bricas de chocolate em Gramado, Rio Grande do Sul. <br \/> Photograph by Ricardo Junior \/ www.ricardojuniorfotografias.com.br<\/p><\/div>\n<p>Outra atra\u00e7\u00e3o bel\u00edssima para ver \u00e9 a encena\u00e7\u00e3o da Paix\u00e3o de Cristo em Nova Jerusal\u00e9m, em Pernambuco. \u00c9 de ficar arrepiado com a superprodu\u00e7\u00e3o que re\u00fane artistas famosos e a popula\u00e7\u00e3o em uma representa\u00e7\u00e3o fant\u00e1stica da vida de Jesus. Para quem estiver pr\u00f3ximo a Bras\u00edlia, o show \u00e9 no Morro da Capelinha, em Planaltina, imperd\u00edvel!<\/p>\n<p>J\u00e1 para os loucos por praia, esta data \u00e9 \u00f3tima para ainda curtir o litoral, com menos turistas e ainda um sol que d\u00e1 pra pegar um bronzeado. As praias de <a title=\"AS 12 MELHORES PRAIAS DE SANTA CATARINA\" href=\"https:\/\/www.guiaviagensbrasil.com\/blog\/12-melhores-praias-de-santa-catarina\/\" target=\"_blank\" rel=\"noopener\">Santa Catarina<\/a>, <a title=\"AS 7 MELHORES PRAIAS DO PARAN\u00c1\" href=\"https:\/\/www.guiaviagensbrasil.com\/blog\/as-7-melhores-praias-do-parana\/\" target=\"_blank\" rel=\"noopener\">Paran\u00e1<\/a>, S\u00e3o Paulo e <a title=\"AS 5 MELHORES PRAIAS DO ESP\u00cdRITO SANTO\" href=\"https:\/\/www.guiaviagensbrasil.com\/blog\/cinco-melhores-praias-do-espirito-santo\/\" target=\"_blank\" rel=\"noopener\">Esp\u00edrito Santo<\/a> est\u00e3o em alta. A costa do Rio de Janeiro abriga in\u00fameras atividades, principalmente em <a title=\"EXPLORE TODAS AS BELEZAS DE B\u00daZIOS: Pequeno para\u00edso litor\u00e2neo Read more: https:\/\/www.guiaviagensbrasil.com\/blog\/explore-todas-as-belezas-de-buzios\/#ixzz3SCp5iuOc\" href=\"https:\/\/www.guiaviagensbrasil.com\/blog\/explore-todas-as-belezas-de-buzios\/\" target=\"_blank\" rel=\"noopener\">B\u00fazios<\/a>,\u00a0Angra dos Reis e <a title=\"PARATY: de bra\u00e7os abertos para todos\" href=\"https:\/\/www.guiaviagensbrasil.com\/blog\/paraty-de-bracos-abertos-para-todos\/\" target=\"_blank\" rel=\"noopener\">Paraty<\/a>. J\u00e1 o sul da Bahia nunca perde a majestade e continua lindo!<\/p>\n<p>Aten\u00e7\u00e3o com as praias do nordeste, pois abril j\u00e1 pode come\u00e7ar as temporadas de chuva. Mas, nada que estrague os passeios.<\/p>\n<p>&nbsp;<\/p>\n<h2>18 a 21 de abril: Tiradentes<\/h2>\n<p>As dicas da P\u00e1scoa seguem v\u00e1lidas, pois o clima ainda fica bom para praia e \u00f3timo para Serra.<\/p>\n<p>Se quiser comemorar o anivers\u00e1rio de Bras\u00edlia, que tamb\u00e9m \u00e9 dia 21, a capital do Brasil tem muitos encantos, inclusive nos arredores, como Piren\u00f3polis e Goi\u00e1s Velho.<\/p>\n<p>Foz do Igua\u00e7u, na tr\u00edplice divisa Paran\u00e1-Argentina-Paraguai \u00e9 imperd\u00edvel e o interior de Minas Gerais na <a title=\"CIRCUITO DO OURO: Ouro Preto, Mariana, Congonhas, Santa B\u00e1rbara e Sabar\u00e1\" href=\"https:\/\/www.guiaviagensbrasil.com\/blog\/circuito-do-ouro-ouro-preto-mariana-congonhas-santa-barbara-e-sabara\/\" target=\"_blank\" rel=\"noopener\">Rota do Ouro<\/a>, com\u00a0as cidades de\u00a0<a title=\"3 DIAS PERFEITOS EM OURO PRETO E MARIANA\" href=\"https:\/\/www.guiaviagensbrasil.com\/blog\/3-dias-perfeitos-em-ouro-preto-e-mariana\/\" target=\"_blank\" rel=\"noopener\">Mariana e\u00a0<strong>Ouro Preto<\/strong><\/a>, Congonhas e Tiradentes s\u00e3o \u00f3timas pedidas para conhecer mais da hist\u00f3ria do Brasil e do l\u00edder da Inconfid\u00eancia Mineira,\u00a0Joaquim Jos\u00e9 da Silva Xavier, o Tiradentes.<\/p>\n<div id=\"attachment_1644\" style=\"width: 750px\" class=\"wp-caption aligncenter\"><img loading=\"lazy\" decoding=\"async\" aria-describedby=\"caption-attachment-1644\" class=\"wp-image-1644\" src=\"https:\/\/www.guiaviagensbrasil.com\/blog\/wp-content\/uploads\/2015\/02\/foto-centro-historico-de-ouro-preto-mg-0265.jpg\" alt=\"Centro Hist\u00f3rico de Ouro Preto, uma viagem a \u00e9poca colonial do Brasil, em Minas Gerais. Photograph by Ricardo Junior \/ www.ricardojuniorfotografias.com.br\" width=\"740\" height=\"493\" srcset=\"https:\/\/www.guiaviagensbrasil.com\/blog\/wp-content\/uploads\/2015\/02\/foto-centro-historico-de-ouro-preto-mg-0265.jpg 990w, https:\/\/www.guiaviagensbrasil.com\/blog\/wp-content\/uploads\/2015\/02\/foto-centro-historico-de-ouro-preto-mg-0265-300x200.jpg 300w\" sizes=\"auto, (max-width: 740px) 100vw, 740px\" \/><p id=\"caption-attachment-1644\" class=\"wp-caption-text\">Centro Hist\u00f3rico de Ouro Preto, uma viagem a \u00e9poca colonial do Brasil, em Minas Gerais. <br \/> Photograph by Ricardo Junior \/ www.ricardojuniorfotografias.com.br<\/p><\/div>\n<p>E, como o feriad\u00e3o pode ser de 4 dias, ou at\u00e9 mais para os cariocas, pois dia 23 \u00e9 feriado estadual no Rio de Janeiro, os Parques Nacionais e seu entorno s\u00e3o lindas op\u00e7\u00f5es. Chapada dos Veadeiros e Alto Para\u00edso de Goi\u00e1s; Chapada dos Guimar\u00e3es, Cuiab\u00e1 e Pantanal do Mato Grosso; Chapada Diamantina e Len\u00e7\u00f3is na Bahia; Serra da Canastra, em Minas; o Pantanal sul-matogrossense, incluindo a\u00ed a incr\u00edvel Bonito; e Aparados da Serra, na Serra Ga\u00facha e Catarinense.<\/p>\n<p>&nbsp;<\/p>\n<h1>1 a 3 de maio: Dia do Trabalho<\/h1>\n<p>Mais tr\u00eas dias incans\u00e1veis para aproveitar o Brasil.<\/p>\n<p>Para o Dia do Trabalho (01 de maio), que tal passear pelas capitais, visitar museus, curtir pe\u00e7as de teatro e in\u00fameras outras atra\u00e7\u00f5es que podem passar despercebidas. Muitas prefeituras ainda organizam grandes festas, com shows gratuitos. <a title=\"TURISMO NA AVENIDA PAULISTA\" href=\"https:\/\/www.guiaviagensbrasil.com\/blog\/turismo-na-avenida-paulista\/\" target=\"_blank\" rel=\"noopener\">S\u00e3o Paulo<\/a>, Rio de Janeiro, Curitiba, Porto Alegre, Belo Horizonte, Macei\u00f3, Campo Grande, Manaus e Bel\u00e9m s\u00e3o incr\u00edveis e merecem uma visita!<\/p>\n<p>Para quem est\u00e1 em Belo Horizonte, pode sair da capital e fazer o Circuito das Grutas, que engloba Cordisburgo, Sete Lagoas e Lagoa Santa. Ou ir ao\u00a0<strong>Instituto\u00a0<a title=\"INHOTIM EM BRUMADINHO, MINAS GERAIS\" href=\"https:\/\/www.guiaviagensbrasil.com\/blog\/inhotim-em-brumadinho-minas-gerais\/\" target=\"_blank\" rel=\"noopener\">Inhotim<\/a><\/strong>, em Brumadinho, do lado da Capital.<\/p>\n<div id=\"attachment_1660\" style=\"width: 750px\" class=\"wp-caption aligncenter\"><img loading=\"lazy\" decoding=\"async\" aria-describedby=\"caption-attachment-1660\" class=\"wp-image-1660\" src=\"https:\/\/www.guiaviagensbrasil.com\/blog\/wp-content\/uploads\/2015\/02\/foto-instituto-inhotim-em-brumadinho-mg-0551.jpg\" alt=\"Instituto Inhotim, em Brumadinho, do lado de Belo Horizonte, em Minas Gerais. Photograph by Ricardo Junior \/ www.ricardojuniorfotografias.com.br\" width=\"740\" height=\"493\" srcset=\"https:\/\/www.guiaviagensbrasil.com\/blog\/wp-content\/uploads\/2015\/02\/foto-instituto-inhotim-em-brumadinho-mg-0551.jpg 990w, https:\/\/www.guiaviagensbrasil.com\/blog\/wp-content\/uploads\/2015\/02\/foto-instituto-inhotim-em-brumadinho-mg-0551-300x200.jpg 300w\" sizes=\"auto, (max-width: 740px) 100vw, 740px\" \/><p id=\"caption-attachment-1660\" class=\"wp-caption-text\">Instituto Inhotim, em Brumadinho, do lado de Belo Horizonte, em Minas Gerais. <br \/> Photograph by Ricardo Junior \/ www.ricardojuniorfotografias.com.br<\/p><\/div>\n<p>Em S\u00e3o Paulo, conhe\u00e7a <a title=\"EMBU DAS ARTES: vida art\u00edstica pertinho de S\u00e3o Paulo\" href=\"https:\/\/www.guiaviagensbrasil.com\/blog\/embu-das-artes-sao-paulo\/\" target=\"_blank\" rel=\"noopener\">Embu das Artes<\/a>, com sua grande feira de artesanato, ou <a title=\"PARANAPIACABA: A Hist\u00f3rica Vila Ferrovi\u00e1ria Inglesa do Brasil\" href=\"https:\/\/www.guiaviagensbrasil.com\/blog\/paranapiacaba\/\" target=\"_blank\" rel=\"noopener\">Paranapiacaba<\/a> e viagem no tempo com a ferrovia.<\/p>\n<p>No Paran\u00e1 uma boa pedida \u00e9 descer a Serra do Mar com o trem Serra Verde Express, saindo de Curitiba at\u00e9 Morretes, Antonina ou Paranagu\u00e1. Um passeio para apreciar a bela Estrada da Graciosa.<\/p>\n<p>&nbsp;<\/p>\n<h1>4 a 7 de junho: Corpus Christi<\/h1>\n<p>O friozinho do outono j\u00e1 convida para curtir as serras no Rio Grande do Sul, Santa Catarina, S\u00e3o Paulo, Rio de Janeiro e Minas Gerais. Como o feriado \u00e9 longo, as mais tur\u00edsticas Gramado e Canela (RS), <a title=\"FIM DE SEMANA PERFEITO EM CAMPOS DO JORD\u00c3O\" href=\"https:\/\/www.guiaviagensbrasil.com\/blog\/fim-de-semana-campos-do-jordao\/\" target=\"_blank\" rel=\"noopener\">Campos do Jord\u00e3o<\/a> (SP), Petr\u00f3polis e Teres\u00f3polis (RJ), Monte Verde (MG) e S\u00e3o Joaquim (SC) podem lotar. Procure tamb\u00e9m pelas cidadezinhas menores e menos conhecidas, mas nem por isso menos lindas, como Santo Ant\u00f4nio do Pinhal (SP), Nova Petr\u00f3polis e Flores da Cunha (RS) e <strong>Urubici<\/strong> e Urupema (SC).<\/p>\n<div id=\"attachment_1650\" style=\"width: 750px\" class=\"wp-caption aligncenter\"><img loading=\"lazy\" decoding=\"async\" aria-describedby=\"caption-attachment-1650\" class=\"wp-image-1650\" src=\"https:\/\/www.guiaviagensbrasil.com\/blog\/wp-content\/uploads\/2015\/02\/foto-morro-da-igreja-em-urubici-sc-brasil-0070.jpg\" alt=\"Pedra Furada no Morro da Igreja, ponto alto (literalmente) da visita a Urubici, em Santa Catarina. Photograph by Ricardo Junior \/ www.ricardojuniorfotografias.com.br\" width=\"740\" height=\"493\" srcset=\"https:\/\/www.guiaviagensbrasil.com\/blog\/wp-content\/uploads\/2015\/02\/foto-morro-da-igreja-em-urubici-sc-brasil-0070.jpg 990w, https:\/\/www.guiaviagensbrasil.com\/blog\/wp-content\/uploads\/2015\/02\/foto-morro-da-igreja-em-urubici-sc-brasil-0070-300x200.jpg 300w\" sizes=\"auto, (max-width: 740px) 100vw, 740px\" \/><p id=\"caption-attachment-1650\" class=\"wp-caption-text\">Pedra Furada no Morro da Igreja, ponto alto (literalmente) da visita a Urubici, em Santa Catarina. <br \/> Photograph by Ricardo Junior \/ www.ricardojuniorfotografias.com.br<\/p><\/div>\n<p>As praias do litoral fluminense e paulista costumam ficar com tempo bom esta \u00e9poca do ano, sendo uma boa op\u00e7\u00e3o para quem n\u00e3o se importa com um friozinho na orla.<\/p>\n<p>Outra dica legal \u00e9 conhecer os <a title=\"LEN\u00c7\u00d3IS MARANHENSES: os Passeios para as Lagoas Azul e Bonita\" href=\"https:\/\/www.guiaviagensbrasil.com\/blog\/lencois-maranhenses-passeios-lagoas-azul-e-bonita\/\" target=\"_blank\" rel=\"noopener\">Len\u00e7\u00f3is Maranhenses<\/a>, onde as lagoas ap\u00f3s as chuvas de maio ficam mais cheias e ainda mais lindas. O passeio pelo <a title=\"O PASSEIO AO DELTA DO PARNA\u00cdBA\" href=\"https:\/\/www.guiaviagensbrasil.com\/blog\/o-passeio-ao-delta-do-parnaiba\/\" target=\"_blank\" rel=\"noopener\">Delta do Parna\u00edba<\/a>, no Piau\u00ed na divisa com o Maranh\u00e3o, \u00e9 outra op\u00e7\u00e3o incr\u00edvel, al\u00e9m da Foz do Rio S\u00e3o Francisco e <a title=\"ROTA DO CANGA\u00c7O: hist\u00f3ria de Vida e Morte no Sert\u00e3o\" href=\"https:\/\/www.guiaviagensbrasil.com\/blog\/rota-do-cangaco-lampiao\/\" target=\"_blank\" rel=\"noopener\">Rota do Canga\u00e7o<\/a>, sempre encantando quem vai a Alagoas ou Sergipe.<\/p>\n<p>E n\u00e3o esque\u00e7a de S\u00e3o Jo\u00e3o! Junho \u00e9 o m\u00eas das festas juninas em todo Brasil, mas \u00e9 em Campina Grande, na Para\u00edba, que acontece o <a title=\"S\u00c3O JO\u00c3O DE CAMPINA GRANDE: O maior S\u00e3o Jo\u00e3o do Mundo\" href=\"https:\/\/www.guiaviagensbrasil.com\/blog\/sao-joao-campina-grande-paraiba\/\" target=\"_blank\" rel=\"noopener\">Maior S\u00e3o Jo\u00e3o do Mundo<\/a>. Durante 30 dias (de 6 de junho a 6 de julho) a cidade dobra o n\u00famero de habitantes para a grande festa. No Parque do Povo, local do festejo, h\u00e1 dan\u00e7as e competi\u00e7\u00f5es de quadrilhas, shows de forr\u00f3, casamentos coletivos, atra\u00e7\u00f5es teatrais e muita comida t\u00edpica!<\/p>\n<div id=\"attachment_1651\" style=\"width: 750px\" class=\"wp-caption aligncenter\"><img loading=\"lazy\" decoding=\"async\" aria-describedby=\"caption-attachment-1651\" class=\"wp-image-1651\" src=\"https:\/\/www.guiaviagensbrasil.com\/blog\/wp-content\/uploads\/2015\/02\/grande-quadrilha-festa-junina-campina-grande-pb.jpg\" alt=\"A quadrilha, dan\u00e7a t\u00edpica da Festa Junina, no Maior S\u00e3o Jo\u00e3o do Mundo, em Campina Grande, na Para\u00edba. Photograph by Ricardo Junior \/ www.ricardojuniorfotografias.com.br\" width=\"740\" height=\"493\" srcset=\"https:\/\/www.guiaviagensbrasil.com\/blog\/wp-content\/uploads\/2015\/02\/grande-quadrilha-festa-junina-campina-grande-pb.jpg 990w, https:\/\/www.guiaviagensbrasil.com\/blog\/wp-content\/uploads\/2015\/02\/grande-quadrilha-festa-junina-campina-grande-pb-300x200.jpg 300w\" sizes=\"auto, (max-width: 740px) 100vw, 740px\" \/><p id=\"caption-attachment-1651\" class=\"wp-caption-text\">A quadrilha, dan\u00e7a t\u00edpica da Festa Junina, no Maior S\u00e3o Jo\u00e3o do Mundo, em Campina Grande, na Para\u00edba. <br \/> Photograph by Ricardo Junior \/ www.ricardojuniorfotografias.com.br<\/p><\/div>\n<p>&nbsp;<\/p>\n<h1>5 a 7 de setembro: Independ\u00eancia<\/h1>\n<p>As capitais do Centro-Oeste ficam com clima seco em setembro, o que muda a bela paisagem, n\u00e3o deixa frio, podendo aproveitar todas as cachoeiras, rios e lagos naturais pr\u00f3ximos.<\/p>\n<p>A Amaz\u00f4nia tem nos meses de julho a novembro uma \u00e9poca menos chuvosa, por isso, outra dica quent\u00edssima (pelo calor local tamb\u00e9m!) \u00e9 ir para Manaus, Bel\u00e9m e Rio Branco, capitais com muitas atra\u00e7\u00f5es dentro e fora da deslumbrante\u00a0floresta\u00a0amaz\u00f4nica.<\/p>\n<p>Todas as capitais do nordeste cabem nos tr\u00eas dias de feriado. De S\u00e3o Lu\u00eds, passando Fortaleza, <strong>Natal<\/strong>, Jo\u00e3o Pessoa, Recife, Macei\u00f3 e Aracaju at\u00e9 Salvador \u00e9 uma \u00e9poca \u00f3tima para curtir as praias e as outras atra\u00e7\u00f5es locais.<\/p>\n<div id=\"attachment_1664\" style=\"width: 750px\" class=\"wp-caption aligncenter\"><img loading=\"lazy\" decoding=\"async\" aria-describedby=\"caption-attachment-1664\" class=\"wp-image-1664\" src=\"https:\/\/www.guiaviagensbrasil.com\/blog\/wp-content\/uploads\/2015\/02\/praia-genipabu-natal-rn-3768.jpg\" alt=\"Praia de Genipabu, em Natal, Rio Grande do Norte. Photograph by Ricardo Junior \/ www.ricardojuniorfotografias.com.br\" width=\"740\" height=\"493\" srcset=\"https:\/\/www.guiaviagensbrasil.com\/blog\/wp-content\/uploads\/2015\/02\/praia-genipabu-natal-rn-3768.jpg 990w, https:\/\/www.guiaviagensbrasil.com\/blog\/wp-content\/uploads\/2015\/02\/praia-genipabu-natal-rn-3768-300x200.jpg 300w\" sizes=\"auto, (max-width: 740px) 100vw, 740px\" \/><p id=\"caption-attachment-1664\" class=\"wp-caption-text\">Praia de Genipabu, em Natal, Rio Grande do Norte. <br \/> Photograph by Ricardo Junior \/ www.ricardojuniorfotografias.com.br<\/p><\/div>\n<p>E neste per\u00edodo h\u00e1 ainda outro espet\u00e1culo lindo no litoral: a presen\u00e7a das baleias Jubarte, que vem das \u00e1guas frias da Ant\u00e1rtida para se reproduzir no litoral brasileiro, englobando Santa Catarina at\u00e9 a Bahia, especialmente em Abrolhos.<\/p>\n<p>E para n\u00e3o dizer que n\u00e3o falamos em flores&#8230; A Expoflora, a festa das flores, \u00e9 sediada em Holambra, interior de S\u00e3o Paulo, e em 2015 vai de 28 de agosto a 27 de setembro. Re\u00fane a cultura holandesa dos descendentes que se fixaram na regi\u00e3o, com a brasileira, em um show de flores de muitas esp\u00e9cies, cores e tipos. Al\u00e9m disso, h\u00e1 apresenta\u00e7\u00f5es art\u00edsticas, muita gastronomia e a famosa chuva de p\u00e9talas ao final da tarde.<\/p>\n<p>&nbsp;<\/p>\n<h1>10 a 12 de outubro: Nossa Senhora Aparecida<\/h1>\n<p>Para os devotos, destino certo deste feriado \u00e9 a cidade de Aparecida, no interior de S\u00e3o Paulo, onde est\u00e1 a <a title=\"BAS\u00cdLICA NOSSA SENHORA APARECIDA\" href=\"https:\/\/www.guiaviagensbrasil.com\/blog\/basilica-nossa-senhora-aparecida\/\" target=\"_blank\" rel=\"noopener\">bas\u00edlica<\/a> da Padroeira do Brasil, que \u00e9 celebrada no dia 12 de outubro, Nossa Senhora Aparecida. A festa re\u00fane milhares de fi\u00e9is que saem em peregrina\u00e7\u00e3o e culmina com um dia de ora\u00e7\u00f5es e comemora\u00e7\u00e3o na bas\u00edlica. Pela grande movimenta\u00e7\u00e3o, \u00e9 preciso agendar hot\u00e9is e ver passagens com anteced\u00eancia!<\/p>\n<p>Para as crian\u00e7as, que tamb\u00e9m tem seu dia no 12 de outubro, os parques tem\u00e1ticos como <a title=\"Emo\u00e7\u00e3o e adrenalina na praia: \u00e9 o BEACH PARK DE FORTALEZA\" href=\"https:\/\/www.guiaviagensbrasil.com\/blog\/emocao-e-adrenalina-na-praia-e-o-beach-park-de-fortaleza\/\" target=\"_blank\" rel=\"noopener\">Beach Park<\/a>, em Fortaleza; Hopi Hari, em S\u00e3o Paulo; e Beto Carreiro, no Balne\u00e1rio da Penha, em S\u00e3o Catarina, ir\u00e3o entreter todas as idades.<\/p>\n<p>Para quem gosta de uma tradi\u00e7\u00e3o, em Blumenau, S\u00e3o Catarina, ocorre a <strong>Oktoberfest<\/strong>, maior festa alem\u00e3 da Am\u00e9rica Latina, que vai de 07 a 25 de outubro em 2015. Dan\u00e7as e comidas t\u00edpicas alem\u00e3s, competi\u00e7\u00e3o de tomadores de chopp, shows e o concurso da bela Rainha da festa s\u00e3o atividades garantidas na Oktoberfest de todos os anos.<\/p>\n<div id=\"attachment_1653\" style=\"width: 750px\" class=\"wp-caption aligncenter\"><img loading=\"lazy\" decoding=\"async\" aria-describedby=\"caption-attachment-1653\" class=\"wp-image-1653\" src=\"https:\/\/www.guiaviagensbrasil.com\/blog\/wp-content\/uploads\/2015\/02\/desfile-oktoberfest.jpg\" alt=\"Desfile da Oktoberfest, em Blumenau, Santa Catarina. Photograph by Ricardo Junior \/ www.ricardojuniorfotografias.com.br\" width=\"740\" height=\"493\" srcset=\"https:\/\/www.guiaviagensbrasil.com\/blog\/wp-content\/uploads\/2015\/02\/desfile-oktoberfest.jpg 990w, https:\/\/www.guiaviagensbrasil.com\/blog\/wp-content\/uploads\/2015\/02\/desfile-oktoberfest-300x200.jpg 300w\" sizes=\"auto, (max-width: 740px) 100vw, 740px\" \/><p id=\"caption-attachment-1653\" class=\"wp-caption-text\">Desfile da Oktoberfest, em Blumenau, Santa Catarina. <br \/> Photograph by Ricardo Junior \/ www.ricardojuniorfotografias.com.br<\/p><\/div>\n<p>&nbsp;<\/p>\n<h1>31 de outubro a 2 de novembro: Finados<\/h1>\n<p>J\u00e1 em novembro, o dia 02 faz um feriado de tr\u00eas dias e muitos j\u00e1 est\u00e3o pensando em economizar um pouco para as festas de final de ano. Ent\u00e3o, <a title=\"10 MELHORES PRAIAS DE S\u00c3O PAULO\" href=\"https:\/\/www.guiaviagensbrasil.com\/blog\/10-melhores-praias-de-sao-paulo\/\" target=\"_blank\" rel=\"noopener\">paulistas<\/a>, mineiros e <a title=\"10 MELHORES PRAIAS DO RIO DE JANEIRO\" href=\"https:\/\/www.guiaviagensbrasil.com\/blog\/10-melhores-praias-do-rio-de-janeiro\/\" target=\"_blank\" rel=\"noopener\">cariocas<\/a> correm para o litoral. <strong>Florian\u00f3polis<\/strong> \u00e9 uma \u00f3tima op\u00e7\u00e3o, ainda n\u00e3o muito lotada como no final de ano, mas j\u00e1 d\u00e1 praia. O nordeste est\u00e1 sempre na lista das op\u00e7\u00f5es. E o litoral do Paran\u00e1, em especial <a title=\"ILHA DO MEL: doce recanto no litoral paranaense\" href=\"https:\/\/www.guiaviagensbrasil.com\/blog\/ilha-do-mel-no-litoral-paranaense\/\" target=\"_blank\" rel=\"noopener\">Ilha do Mel<\/a>, refor\u00e7a o encanto e \u00e9 um destino bastante procurado.<\/p>\n<div id=\"attachment_1654\" style=\"width: 750px\" class=\"wp-caption aligncenter\"><img loading=\"lazy\" decoding=\"async\" aria-describedby=\"caption-attachment-1654\" class=\"wp-image-1654\" src=\"https:\/\/www.guiaviagensbrasil.com\/blog\/wp-content\/uploads\/2015\/02\/lagoa-da-conceicao-florianopolis-sc.jpg\" alt=\"Lagoa da Concei\u00e7\u00e3o, em Florian\u00f3polis, Santa Catarina. Photograph by Ricardo Junior \/ www.ricardojuniorfotografias.com.br\" width=\"740\" height=\"493\" srcset=\"https:\/\/www.guiaviagensbrasil.com\/blog\/wp-content\/uploads\/2015\/02\/lagoa-da-conceicao-florianopolis-sc.jpg 990w, https:\/\/www.guiaviagensbrasil.com\/blog\/wp-content\/uploads\/2015\/02\/lagoa-da-conceicao-florianopolis-sc-300x200.jpg 300w\" sizes=\"auto, (max-width: 740px) 100vw, 740px\" \/><p id=\"caption-attachment-1654\" class=\"wp-caption-text\">Lagoa da Concei\u00e7\u00e3o, em Florian\u00f3polis, Santa Catarina. <br \/> Photograph by Ricardo Junior \/ www.ricardojuniorfotografias.com.br<\/p><\/div>\n<p>Se n\u00e3o quiser gastar muito, mas aproveitar bem a natureza, que tal visitar um Parque Nacional que esteja perto da sua regi\u00e3o. No Brasil s\u00e3o 69 Unidades de Conserva\u00e7\u00e3o espalhadas por todo territ\u00f3rio, preservando e apresentando as riquezas do Pa\u00eds. Os mais procurados s\u00e3o: Parque Nacional da Tijuca\/RJ; <a title=\"6 Motivos especiais para colocar Foz do Igua\u00e7u na sua lista de destinos\" href=\"https:\/\/www.guiaviagensbrasil.com\/blog\/6-motivos-especiais-para-colocar-foz-do-iguacu-na-sua-lista-de-destinos\/\" target=\"_blank\" rel=\"noopener\">Parque Nacional do Igua\u00e7u<\/a>\/PR; Parque Nacional de Bras\u00edlia\/DF; Parque Nacional de S\u00e3o Joaquim\/SC; Parque Nacional da Serra dos Org\u00e3os\/RJ; Parque Nacional de Itatiaia\/RJ; Parque Nacional de Ubajara\/CE; Parque Nacional da Chapada dos Guimar\u00e3es\/MT; e Parque Nacional de Aparados da Serra\/RS e SC. Parques Estaduais tamb\u00e9m s\u00e3o \u00f3timas op\u00e7\u00f5es!<\/p>\n<p>&nbsp;<\/p>\n<h1>15 de novembro: Proclama\u00e7\u00e3o da Rep\u00fablica<\/h1>\n<p>15 de novembro \u00e9 domingo! Mas, tudo bem, foi o \u00fanico feriado que n\u00e3o deu pra esticar em 2015, mas nem por isso \u00e9 preciso ficar em casa. Visite a sua cidade, ou a capital mais pr\u00f3xima no final de semana. Certamente h\u00e1 muita atra\u00e7\u00e3o para curtir. Veja o exemplo de <strong>Vit\u00f3ria<\/strong>, no Esp\u00edrito Santo, com muitas belezas arquitet\u00f4nicas e praias deliciosas.<\/p>\n<div id=\"attachment_1655\" style=\"width: 750px\" class=\"wp-caption aligncenter\"><img loading=\"lazy\" decoding=\"async\" aria-describedby=\"caption-attachment-1655\" class=\"wp-image-1655\" src=\"https:\/\/www.guiaviagensbrasil.com\/blog\/wp-content\/uploads\/2015\/02\/escadarias-palacio-anchieta-vitoria-es.jpg\" alt=\"Pal\u00e1cio Anchieta, em frente ao Porto, em Vit\u00f3ria, Esp\u00edrito Santo. Photograph by Ricardo Junior \/ www.ricardojuniorfotografias.com.br\" width=\"740\" height=\"493\" srcset=\"https:\/\/www.guiaviagensbrasil.com\/blog\/wp-content\/uploads\/2015\/02\/escadarias-palacio-anchieta-vitoria-es.jpg 990w, https:\/\/www.guiaviagensbrasil.com\/blog\/wp-content\/uploads\/2015\/02\/escadarias-palacio-anchieta-vitoria-es-300x200.jpg 300w\" sizes=\"auto, (max-width: 740px) 100vw, 740px\" \/><p id=\"caption-attachment-1655\" class=\"wp-caption-text\">Pal\u00e1cio Anchieta, em frente ao Porto, em Vit\u00f3ria, Esp\u00edrito Santo. <br \/> Photograph by Ricardo Junior \/ www.ricardojuniorfotografias.com.br<\/p><\/div>\n<p>&nbsp;<\/p>\n<h1>20 a 22 de novembro: Consci\u00eancia Negra<\/h1>\n<p>Em algumas cidades do Brasil, dia 20 de novembro \u00e9 feriado e d\u00e1 at\u00e9 para pensar em emendar tamb\u00e9m. As dicas do dia 02\/novembro est\u00e3o valendo, com as praias come\u00e7ando a receber mais turistas.<\/p>\n<p>As Capitais continuam lindas, em especial <strong>Salvador<\/strong>, que faz uma linda homenagem a cultura negra nesta \u00e9poca, com algumas celebra\u00e7\u00f5es espalhadas pela cidade.<\/p>\n<div id=\"attachment_1661\" style=\"width: 750px\" class=\"wp-caption aligncenter\"><img loading=\"lazy\" decoding=\"async\" aria-describedby=\"caption-attachment-1661\" class=\"wp-image-1661\" src=\"https:\/\/www.guiaviagensbrasil.com\/blog\/wp-content\/uploads\/2015\/02\/foto-dique-do-tororo-salvador-bahia-brasil-foto-0530.jpg\" alt=\"Dique do Toror\u00f3 com os Orix\u00e1s. Cultura afro presente no dia-a-dia de Salvador, Bahia. Photograph by Ricardo Junior \/ www.ricardojuniorfotografias.com.br\" width=\"740\" height=\"493\" srcset=\"https:\/\/www.guiaviagensbrasil.com\/blog\/wp-content\/uploads\/2015\/02\/foto-dique-do-tororo-salvador-bahia-brasil-foto-0530.jpg 990w, https:\/\/www.guiaviagensbrasil.com\/blog\/wp-content\/uploads\/2015\/02\/foto-dique-do-tororo-salvador-bahia-brasil-foto-0530-300x200.jpg 300w\" sizes=\"auto, (max-width: 740px) 100vw, 740px\" \/><p id=\"caption-attachment-1661\" class=\"wp-caption-text\">Dique do Toror\u00f3 com os Orix\u00e1s. Cultura afro presente no dia-a-dia de Salvador, Bahia. <br \/> Photograph by Ricardo Junior \/ www.ricardojuniorfotografias.com.br<\/p><\/div>\n<p>E para quem est\u00e1 no Paran\u00e1, ou pr\u00f3ximo, a M\u00fcnchen Fest agita a cidade de Ponta Grossa, pr\u00f3ximo de Curitiba, no final de novembro a in\u00edcio de dezembro. A Festa Nacional do Chope Escuro \u00e9 muito parecida com a Oktoberfest, com baile e comidas t\u00edpicas, al\u00e9m de muitos shows durante os 10 dias da festa, que ainda n\u00e3o foram definidos para 2015. Aproveite o passeio para ir at\u00e9 o Parque Estadual de Vila Velha e ao Canyon Guartel\u00e1, em Tibagi, considerado um dos maiores do mundo pela sua extens\u00e3o. E talvez voc\u00ea nem sabia, n\u00e3o \u00e9? Passeios lindos em meio \u00e0 natureza que valem muito a pena.<\/p>\n<p>&nbsp;<\/p>\n<h1>25 a 27 de dezembro: Natal<\/h1>\n<p>Natal j\u00e1 \u00e9 uma data que muitas empresas saem em recesso at\u00e9 janeiro e algumas tiram f\u00e9rias coletivas. Mas, se voc\u00ea s\u00f3 tem mesmo o feriado, sem problemas! H\u00e1 muita festa linda natalina ocorrendo Brasil a fora.<\/p>\n<p>Gramado \u00e9 certamente o destino mais indicado. O Natal Luz da cidade encanta a todos, com programa\u00e7\u00e3o variada de desfiles, show das \u00e1guas, corais, apresenta\u00e7\u00f5es art\u00edsticas e, \u00e9 claro, a <strong>Aldeia\u00a0do Papai Noel<\/strong> para a crian\u00e7ada.<\/p>\n<div id=\"attachment_1657\" style=\"width: 750px\" class=\"wp-caption aligncenter\"><img loading=\"lazy\" decoding=\"async\" aria-describedby=\"caption-attachment-1657\" class=\"wp-image-1657\" src=\"https:\/\/www.guiaviagensbrasil.com\/blog\/wp-content\/uploads\/2015\/02\/imagem-aldeia-papai-noel-gramado-rs.jpg\" alt=\"A Aldeia do Papai Noel encanta a todos, em Gramado, Rio Grande do Sul. Photograph by Ricardo Junior \/ www.ricardojuniorfotografias.com.br\" width=\"740\" height=\"493\" srcset=\"https:\/\/www.guiaviagensbrasil.com\/blog\/wp-content\/uploads\/2015\/02\/imagem-aldeia-papai-noel-gramado-rs.jpg 990w, https:\/\/www.guiaviagensbrasil.com\/blog\/wp-content\/uploads\/2015\/02\/imagem-aldeia-papai-noel-gramado-rs-300x200.jpg 300w\" sizes=\"auto, (max-width: 740px) 100vw, 740px\" \/><p id=\"caption-attachment-1657\" class=\"wp-caption-text\">A Aldeia do Papai Noel encanta a todos, em Gramado, Rio Grande do Sul. <br \/> Photograph by Ricardo Junior \/ www.ricardojuniorfotografias.com.br<\/p><\/div>\n<p>Curitiba tamb\u00e9m tem uma bela apresenta\u00e7\u00e3o natalina no Pal\u00e1cio Avenida, na Rua XV, bem no Centro. Fique atento a programa\u00e7\u00e3o.<\/p>\n<p>&nbsp;<\/p>\n<h1>31 de dezembro a 02 de janeiro: Ano Novo<\/h1>\n<p>O destino preferido dos brasileiros no Ano Novo \u00e9 a <a title=\"R\u00c9VEILLON NO RIO DE JANEIRO: Al\u00e9m de Copacabana\" href=\"https:\/\/www.guiaviagensbrasil.com\/blog\/reveillon-no-rio-de-janeiro-alem-de-copacabana\/\" target=\"_blank\" rel=\"noopener\">Cidade Maravilhosa<\/a>, com sua festa da virada nas areias de Copacabana. <a title=\"O R\u00c9VEILLON NA ILHA DA MAGIA: ano novo em Florian\u00f3polis\" href=\"https:\/\/www.guiaviagensbrasil.com\/blog\/o-reveillon-na-ilha-da-magia-ano-novo-em-florianopolis\/\" target=\"_blank\" rel=\"noopener\">Florian\u00f3polis<\/a> n\u00e3o fica atr\u00e1s na orla da Avenida Beira Mar Norte com o show de fogos.<\/p>\n<div id=\"attachment_1658\" style=\"width: 750px\" class=\"wp-caption aligncenter\"><img loading=\"lazy\" decoding=\"async\" aria-describedby=\"caption-attachment-1658\" class=\"wp-image-1658\" src=\"https:\/\/www.guiaviagensbrasil.com\/blog\/wp-content\/uploads\/2015\/02\/iluminada-ponte-hercilio-luz-florianopolis-sc.jpg\" alt=\"Ponte Herc\u00edlio Luz, palco da queima de fogos no R\u00e9veillon de Florian\u00f3polis, em Santa Catarina. Photograph by Ricardo Junior \/ www.ricardojuniorfotografias.com.br\" width=\"740\" height=\"493\" srcset=\"https:\/\/www.guiaviagensbrasil.com\/blog\/wp-content\/uploads\/2015\/02\/iluminada-ponte-hercilio-luz-florianopolis-sc.jpg 990w, https:\/\/www.guiaviagensbrasil.com\/blog\/wp-content\/uploads\/2015\/02\/iluminada-ponte-hercilio-luz-florianopolis-sc-300x200.jpg 300w\" sizes=\"auto, (max-width: 740px) 100vw, 740px\" \/><p id=\"caption-attachment-1658\" class=\"wp-caption-text\">Ponte Herc\u00edlio Luz, palco da queima de fogos no R\u00e9veillon de Florian\u00f3polis, em Santa Catarina. <br \/> Photograph by Ricardo Junior \/ www.ricardojuniorfotografias.com.br<\/p><\/div>\n<p>J\u00e1 deu para perceber que 2015 vai deixar saudades com tantos feriados e viagens incr\u00edveis, n\u00e3o \u00e9 mesmo? Acompanhe nosso <a title=\"Blog Guia Viagens Brasil\" href=\"https:\/\/www.guiaviagensbrasil.com\/blog\/\" target=\"_blank\" rel=\"noopener\">Blog<\/a>\u00a0e conhe\u00e7a cada destino do nosso maravilhoso Brasil para curtir bem durante todo o ano!<\/p>\n","protected":false},"excerpt":{"rendered":"<p>Carnaval, o feriado prolongado queridinho de todo foli\u00e3o, j\u00e1 acabou e logo chega mar\u00e7o onde recuperamos as energias (e as finan\u00e7as) para aproveitarmos o restante dos feriados do ano. E \u00e9 s\u00f3 dar uma olhadinha para o calend\u00e1rio para ver que 2015 nos brindou com v\u00e1rios feriados que, para quem consegue, s\u00e3o \u00f3timos para emendar. [&hellip;]<\/p>\n","protected":false},"author":4,"featured_media":1511,"comment_status":"open","ping_status":"open","sticky":false,"template":"","format":"standard","meta":{"footnotes":""},"categories":[99],"tags":[182],"class_list":["post-1641","post","type-post","status-publish","format-standard","has-post-thumbnail","hentry","category-viajar-barato","tag-brasil"],"aioseo_notices":[],"_links":{"self":[{"href":"https:\/\/www.guiaviagensbrasil.com\/blog\/wp-json\/wp\/v2\/posts\/1641","targetHints":{"allow":["GET"]}}],"collection":[{"href":"https:\/\/www.guiaviagensbrasil.com\/blog\/wp-json\/wp\/v2\/posts"}],"about":[{"href":"https:\/\/www.guiaviagensbrasil.com\/blog\/wp-json\/wp\/v2\/types\/post"}],"author":[{"embeddable":true,"href":"https:\/\/www.guiaviagensbrasil.com\/blog\/wp-json\/wp\/v2\/users\/4"}],"replies":[{"embeddable":true,"href":"https:\/\/www.guiaviagensbrasil.com\/blog\/wp-json\/wp\/v2\/comments?post=1641"}],"version-history":[{"count":1,"href":"https:\/\/www.guiaviagensbrasil.com\/blog\/wp-json\/wp\/v2\/posts\/1641\/revisions"}],"predecessor-version":[{"id":7602,"href":"https:\/\/www.guiaviagensbrasil.com\/blog\/wp-json\/wp\/v2\/posts\/1641\/revisions\/7602"}],"wp:featuredmedia":[{"embeddable":true,"href":"https:\/\/www.guiaviagensbrasil.com\/blog\/wp-json\/wp\/v2\/media\/1511"}],"wp:attachment":[{"href":"https:\/\/www.guiaviagensbrasil.com\/blog\/wp-json\/wp\/v2\/media?parent=1641"}],"wp:term":[{"taxonomy":"category","embeddable":true,"href":"https:\/\/www.guiaviagensbrasil.com\/blog\/wp-json\/wp\/v2\/categories?post=1641"},{"taxonomy":"post_tag","embeddable":true,"href":"https:\/\/www.guiaviagensbrasil.com\/blog\/wp-json\/wp\/v2\/tags?post=1641"}],"curies":[{"name":"wp","href":"https:\/\/api.w.org\/{rel}","templated":true}]}}