{"id":1313,"date":"2015-01-22T10:47:29","date_gmt":"2015-01-22T12:47:29","guid":{"rendered":"https:\/\/www.guiaviagensbrasil.com\/blog\/?p=1313"},"modified":"2018-04-20T08:32:03","modified_gmt":"2018-04-20T11:32:03","slug":"o-carnaval-esta-chegando-escolha-sua-festa-e-corra-pra-folia","status":"publish","type":"post","link":"https:\/\/www.guiaviagensbrasil.com\/blog\/o-carnaval-esta-chegando-escolha-sua-festa-e-corra-pra-folia\/","title":{"rendered":"O CARNAVAL est\u00e1 CHEGANDO: Escolha sua Festa e Corra pra Folia!"},"content":{"rendered":"\n\n<div class=\"kk-star-ratings kksr-auto kksr-align-left kksr-valign-top\"\n    data-payload='{&quot;align&quot;:&quot;left&quot;,&quot;id&quot;:&quot;1313&quot;,&quot;slug&quot;:&quot;default&quot;,&quot;valign&quot;:&quot;top&quot;,&quot;ignore&quot;:&quot;&quot;,&quot;reference&quot;:&quot;auto&quot;,&quot;class&quot;:&quot;&quot;,&quot;count&quot;:&quot;0&quot;,&quot;legendonly&quot;:&quot;&quot;,&quot;readonly&quot;:&quot;&quot;,&quot;score&quot;:&quot;0&quot;,&quot;starsonly&quot;:&quot;&quot;,&quot;best&quot;:&quot;5&quot;,&quot;gap&quot;:&quot;4&quot;,&quot;greet&quot;:&quot;Avalie este artigo&quot;,&quot;legend&quot;:&quot;0\\\/5 - (0 votes)&quot;,&quot;size&quot;:&quot;24&quot;,&quot;title&quot;:&quot;O CARNAVAL est\\u00e1 CHEGANDO: Escolha sua Festa e Corra pra Folia!&quot;,&quot;width&quot;:&quot;0&quot;,&quot;_legend&quot;:&quot;{score}\\\/{best} - ({count} {votes})&quot;,&quot;font_factor&quot;:&quot;1.25&quot;}'>\n            \n<div class=\"kksr-stars\">\n    \n<div class=\"kksr-stars-inactive\">\n            <div class=\"kksr-star\" data-star=\"1\" style=\"padding-right: 4px\">\n            \n\n<div class=\"kksr-icon\" style=\"width: 24px; height: 24px;\"><\/div>\n        <\/div>\n            <div class=\"kksr-star\" data-star=\"2\" style=\"padding-right: 4px\">\n            \n\n<div class=\"kksr-icon\" style=\"width: 24px; height: 24px;\"><\/div>\n        <\/div>\n            <div class=\"kksr-star\" data-star=\"3\" style=\"padding-right: 4px\">\n            \n\n<div class=\"kksr-icon\" style=\"width: 24px; height: 24px;\"><\/div>\n        <\/div>\n            <div class=\"kksr-star\" data-star=\"4\" style=\"padding-right: 4px\">\n            \n\n<div class=\"kksr-icon\" style=\"width: 24px; height: 24px;\"><\/div>\n        <\/div>\n            <div class=\"kksr-star\" data-star=\"5\" style=\"padding-right: 4px\">\n            \n\n<div class=\"kksr-icon\" style=\"width: 24px; height: 24px;\"><\/div>\n        <\/div>\n    <\/div>\n    \n<div class=\"kksr-stars-active\" style=\"width: 0px;\">\n            <div class=\"kksr-star\" style=\"padding-right: 4px\">\n            \n\n<div class=\"kksr-icon\" style=\"width: 24px; height: 24px;\"><\/div>\n        <\/div>\n            <div class=\"kksr-star\" style=\"padding-right: 4px\">\n            \n\n<div class=\"kksr-icon\" style=\"width: 24px; height: 24px;\"><\/div>\n        <\/div>\n            <div class=\"kksr-star\" style=\"padding-right: 4px\">\n            \n\n<div class=\"kksr-icon\" style=\"width: 24px; height: 24px;\"><\/div>\n        <\/div>\n            <div class=\"kksr-star\" style=\"padding-right: 4px\">\n            \n\n<div class=\"kksr-icon\" style=\"width: 24px; height: 24px;\"><\/div>\n        <\/div>\n            <div class=\"kksr-star\" style=\"padding-right: 4px\">\n            \n\n<div class=\"kksr-icon\" style=\"width: 24px; height: 24px;\"><\/div>\n        <\/div>\n    <\/div>\n<\/div>\n                \n\n<div class=\"kksr-legend\" style=\"font-size: 19.2px;\">\n            <span class=\"kksr-muted\">Avalie este artigo<\/span>\n    <\/div>\n    <\/div>\n<p>O Carnaval \u00e9 a cara do Brasil: sin\u00f4nimo de alegria, folia, divers\u00e3o e, claro, viagem! E voc\u00ea j\u00e1 decidiu onde passar o feriado e aproveitar ao m\u00e1ximo a festa do Rei Momo?<\/p>\n<p>De norte ao sul do pa\u00eds existem ritmos e estilos que comandam diferentes festas, do ax\u00e9 dos trios el\u00e9tricos e marchinhas pelas ruas, \u00e0s baladas eletr\u00f4nicas, n\u00e3o faltam op\u00e7\u00f5es de folia no Brasil. Ent\u00e3o, para te ajudar na decis\u00e3o, elencamos os destinos top Carnaval. Confira!<\/p>\n<p>Ah, antes \u00e9 bom agendar: a festa em 2015 come\u00e7a na sexta-feira, dia 14 de fevereiro, sendo o Carnaval dia 17 e a quarta-feira de Cinzas dia 18. Mas em alguns lugares a festa se estende at\u00e9 o domingo, dia 22.<\/p>\n<p>&nbsp;<\/p>\n<h2><strong>Rio de Janeiro<\/strong><\/h2>\n<p>O Carnaval mais famoso e glamoroso do mundo acontece na Marqu\u00eas de Sapuca\u00ed, com os desfiles das escolas de samba do Rio de Janeiro. Quem \u00e9 amante do estilo compra a fantasia diretamente das escolas durante o ano para desfilar junto, ou vai assistir o desfile do camarote, frisa, cadeiras ou arquibancada, todos os ingressos comprados antecipadamente. Em 2015, o desfile do Grupo Especial ocorre no domingo (15) e na segunda-feira, dia 16.<\/p>\n<p>Mas, a festa popular mesmo ocorre nos bairros, com os Blocos de rua. Dos famosos Suvaco de Cristo e Cord\u00e3o do Bola Preta, aos menos conhecidos Turma da Paz de Madureira e Jil\u00f3, a festa se espalha pela cidade antes e depois do Carnaval. Para conferir toda a agenda dos blocos, o site Guia da Boa(www.guiadaboa.com.br)\u00a0\u00e9 especializado no tema.<\/p>\n<p>E para quem gosta de samba de gafieira, daquele bem tradicional para dan\u00e7ar agarradinho, a Lapa \u00e9 o lugar imperd\u00edvel da Cidade Maravilhosa, com suas v\u00e1rias casas de samba com shows gratuitos no Carnaval.<\/p>\n<h4>\u00a0Links\u00a0relacionados<\/h4>\n<ul>\n<li><a title=\"Veja galeria de fotos do Rio de Janeiro\" href=\"https:\/\/www.guiaviagensbrasil.com\/galerias\/rj\/fotos-do-rio-de-janeiro\/\" target=\"_blank\" rel=\"noopener\">Galeria de fotos do Rio de Janeiro<\/a><\/li>\n<li><a title=\"Conhe\u00e7a mais sobre o Rio de Janeiro\" href=\"https:\/\/www.guiaviagensbrasil.com\/rj\/rio-de-janeiro\/\" target=\"_blank\" rel=\"noopener\">Conhe\u00e7a mais sobre o Rio de Janeiro<\/a><\/li>\n<\/ul>\n<p>&nbsp;<\/p>\n<h2><strong>S\u00e3o Paulo<\/strong><\/h2>\n<p>Na capital paulista, a festa das escolas de samba acontece no Samb\u00f3dromo do Anhembi e re\u00fane milhares de pessoas desfilando ou assistindo. Similar ao do Rio de Janeiro, as fantasias e ingressos precisam ser comprados com anteced\u00eancia para n\u00e3o ficar nas m\u00e3os de cambistas. O desfile do Grupo Especial deste ano ser\u00e1 realizado nos dias 13 e 14 (sexta-feira e s\u00e1bado).<\/p>\n<p>Pelos bairros de S\u00e3o Paulo, v\u00e1rios blocos de rua espalham alegria por onde passam, como os conhecidos Bloco Saia de Chita, Esfarrapados no Carnaval e o Acad\u00eamicos do Baixo Augusta, que atrai celebridades. Grande parte dos blocos se concentra nas ruas do Centro e em Vila Madalena e cada bloco tem a data, hor\u00e1rio e local de partida. Ent\u00e3o, fique atento para n\u00e3o perder a agita\u00e7\u00e3o. O site Carnaval SP(www.carnavalsp.com.br)\u00a0tem toda a programa\u00e7\u00e3o.<\/p>\n<p>Bailes de gala tamb\u00e9m s\u00e3o atra\u00e7\u00e3o em S\u00e3o Paulo, como o tradicional Baile da Vogue, que re\u00fane fantasias requintadas e muitos VIPs.<\/p>\n<h4>\u00a0Links\u00a0relacionados<\/h4>\n<ul>\n<li><a title=\"Veja galeria de fotos de S\u00e3o Paulo\" href=\"https:\/\/www.guiaviagensbrasil.com\/galerias\/sp\/fotos-de-sao-paulo\/\" target=\"_blank\" rel=\"noopener\">Galeria de fotos de S\u00e3o Paulo<\/a><\/li>\n<li><a title=\"Conhe\u00e7a mais sobre S\u00e3o Paulo\" href=\"https:\/\/www.guiaviagensbrasil.com\/sp\/sao-paulo\/\" target=\"_blank\" rel=\"noopener\">Conhe\u00e7a mais sobre S\u00e3o Paulo<\/a><\/li>\n<\/ul>\n<p>&nbsp;<\/p>\n<h2><strong>Salvador<a href=\"https:\/\/www.guiaviagensbrasil.com\/blog\/wp-content\/uploads\/2015\/01\/caminhao-asa-carnaval-salvador-ba_640.jpg\"><br \/>\n<\/a><\/strong><\/h2>\n<p>Para muitos Salvador \u00e9 sin\u00f4nimo de melhor Carnaval do Brasil. E n\u00e3o \u00e9 para menos. Os agitados trios el\u00e9tricos s\u00e3o seguidos, todos os anos, por uma multid\u00e3o de foli\u00f5es com seus abad\u00e1s pelas ruas da cidade. Nomes como Ivete Sangalo, Asa de \u00c1guia, Claudia Leitte, Cheiro, Eva e Olodum fazem a festa, assim como o hist\u00f3rico (e primeiro) Trio El\u00e9trico de Dod\u00f4 e Osmar.<\/p>\n<p>S\u00e3o 3 circuitos por onde passam os trios el\u00e9tricos: Circuito Dod\u00f4 (Barra Ondina); Circuito Osmar (Campos Grande); e Circuito Pelourinho (Batatinha). Ao longo destes circuitos est\u00e3o in\u00fameros camarotes, que recebem convidados e tamb\u00e9m foli\u00f5es que compram sua entrada. Mas, o bom do Carnaval de Salvador \u00e9 que ningu\u00e9m fica parado: quem n\u00e3o tem abad\u00e1 ou convite de camarotes curte a festa na famosa \u2018pipoca\u2019, acompanhando os trios pagos do lado de fora da corda que limita o bloco ou outros trios p\u00fablicos.<\/p>\n<p>Al\u00e9m dos circuitos tradicionais, Salvador tem o Afr\u00f3dromo, um espa\u00e7o com desfiles de blocos afro e afox\u00e9s, que pode ser assistido a partir de arquibancadas e camarotes.<\/p>\n<p>O democr\u00e1tico Carnaval de Salvador(www.carnavalsalvadorbahia.com.br)\u00a0tamb\u00e9m tem apresenta\u00e7\u00f5es de cantores sertanejos, bandas de rock, Mcs do funk e at\u00e9 balada eletr\u00f4nica na praia. Sempre confira a programa\u00e7\u00e3o para n\u00e3o perder o seu estilo favorito.<\/p>\n<div id=\"attachment_1315\" style=\"width: 650px\" class=\"wp-caption aligncenter\"><img loading=\"lazy\" decoding=\"async\" aria-describedby=\"caption-attachment-1315\" class=\"wp-image-1315 size-full\" src=\"https:\/\/www.guiaviagensbrasil.com\/blog\/wp-content\/uploads\/2015\/01\/caminhao-asa-carnaval-salvador-ba_640.jpg\" alt=\"Trio el\u00e9trico do Asa arrastando foli\u00f5es no Carnaval de Salvador. Photograph by Ricardo Junior \/ www.ricardojuniorfotografias.com.br\" width=\"640\" height=\"427\" srcset=\"https:\/\/www.guiaviagensbrasil.com\/blog\/wp-content\/uploads\/2015\/01\/caminhao-asa-carnaval-salvador-ba_640.jpg 640w, https:\/\/www.guiaviagensbrasil.com\/blog\/wp-content\/uploads\/2015\/01\/caminhao-asa-carnaval-salvador-ba_640-300x200.jpg 300w\" sizes=\"auto, (max-width: 640px) 100vw, 640px\" \/><p id=\"caption-attachment-1315\" class=\"wp-caption-text\">Trio el\u00e9trico do Asa arrastando foli\u00f5es no Carnaval de Salvador. <br \/> Photograph by Ricardo Junior \/ www.ricardojuniorfotografias.com.br<\/p><\/div>\n<h4>Links\u00a0relacionados<\/h4>\n<ul>\n<li><a title=\"Veja galeria de fotos do Carnaval de Salvador\" href=\"https:\/\/www.guiaviagensbrasil.com\/galerias\/ba\/fotos-do-carnaval\/\" target=\"_blank\" rel=\"noopener\">Galeria de fotos do Carnaval de Salvador<\/a><\/li>\n<li><a title=\"Conhe\u00e7a mais sobre Salvador\" href=\"https:\/\/www.guiaviagensbrasil.com\/ba\/salvador\/\" target=\"_blank\" rel=\"noopener\">Conhe\u00e7a mais sobre Salvador<\/a><\/li>\n<\/ul>\n<p>&nbsp;<\/p>\n<h2><strong>Recife<\/strong><\/h2>\n<p>A tradi\u00e7\u00e3o, alegria, lirismo e irrever\u00eancia do Galo da Madrugada dita o ritmo do Carnaval de Recife, com muito frevo e maracatu. O Galo da Madrugada j\u00e1 foi considerado o maior bloco de Carnaval do mundo pelo Guiness, t\u00edtulo conquistado em 1995, quando reuniu mais de 1 milh\u00e3o de pessoas pelas ruas e avenidas da cidade.<\/p>\n<p>Atualmente, atrai mais de 2 milh\u00f5es e acontece sempre no 1\u00ba s\u00e1bado de folia, conhecido como o S\u00e1bado de Z\u00e9 Pereira. O agito come\u00e7a cedo, pelas 7h, mas o bloco sai oficialmente \u00e0s 09:30min da Travessa do Forte, seguindo pelas ruas de Recife at\u00e9 pr\u00f3ximo \u00e0s 18 horas, quando as pessoas dispers\u00e3o e v\u00e3o at\u00e9 o Recife Antigo para acompanhar outros shows promovidos pela prefeitura (Carnaval Multicultural do Recife\u00a0www.programacaocarnavalrecife.com.br).<\/p>\n<p>Os camarotes s\u00e3o atra\u00e7\u00f5es ecl\u00e9ticas em Recife, como o Camarote Carvalheira na Ladeira, com Seu Jorge, Natiruts e Samb\u00f4; Camarote Mans\u00e3o Bonfim com o sertanejo de Luan Santana e o Camarote Parador Itaipava, com rock e eletr\u00f4nica do O Rappa, DJ Tiesto, Nando Reis e Jota Quest.<\/p>\n<div id=\"attachment_1316\" style=\"width: 650px\" class=\"wp-caption aligncenter\"><img loading=\"lazy\" decoding=\"async\" aria-describedby=\"caption-attachment-1316\" class=\"wp-image-1316 size-full\" src=\"https:\/\/www.guiaviagensbrasil.com\/blog\/wp-content\/uploads\/2015\/01\/foto-ponte-sobre-o-rio-capibaribe-recife-pernambuco_640.jpg\" alt=\"A ponte sobre o Rio Capibaribe fica lotada de foli\u00f5es que acompanham o Galo da Madrugada, no Carnaval do Recife. Photograph by Ricardo Junior \/ www.ricardojuniorfotografias.com.br\" width=\"640\" height=\"427\" srcset=\"https:\/\/www.guiaviagensbrasil.com\/blog\/wp-content\/uploads\/2015\/01\/foto-ponte-sobre-o-rio-capibaribe-recife-pernambuco_640.jpg 640w, https:\/\/www.guiaviagensbrasil.com\/blog\/wp-content\/uploads\/2015\/01\/foto-ponte-sobre-o-rio-capibaribe-recife-pernambuco_640-300x200.jpg 300w\" sizes=\"auto, (max-width: 640px) 100vw, 640px\" \/><p id=\"caption-attachment-1316\" class=\"wp-caption-text\">A ponte sobre o Rio Capibaribe fica lotada de foli\u00f5es que acompanham o Galo da Madrugada, no Carnaval do Recife. <br \/> Photograph by Ricardo Junior \/ www.ricardojuniorfotografias.com.br<\/p><\/div>\n<h4>Links\u00a0relacionados<\/h4>\n<ul>\n<li><a title=\"Veja galeria de fotos de Recife\" href=\"https:\/\/www.guiaviagensbrasil.com\/galerias\/pe\/fotos-do-recife-antigo\/\" target=\"_blank\" rel=\"noopener\">Galeria de fotos de Recife<\/a><\/li>\n<li><a title=\"Conhe\u00e7a mais sobre Recife\" href=\"https:\/\/www.guiaviagensbrasil.com\/pe\/recife\/\" target=\"_blank\" rel=\"noopener\">Conhe\u00e7a mais sobre Recife<\/a><\/li>\n<\/ul>\n<p>&nbsp;<\/p>\n<h2><strong>Olinda<\/strong><\/h2>\n<p>Quem nunca ouviu falar do desfile dos gigantes Bonecos de Olinda, n\u00e3o sabe o que est\u00e1 perdendo no Carnaval de Olinda (www.carnaval.olinda.pe.gov.br)! S\u00e3o mais de 100 bonecos representando celebridades e fazendo humor com personalidades p\u00fablicas com muita irrever\u00eancia e divers\u00e3o.<\/p>\n<p>Os bonecos saem do Largo do Guadalupe, \u00e0s 8h da ter\u00e7a-feira de Carnaval e passam espalhando a folia pelas ladeiras de Olinda. S\u00e3o v\u00e1rios blocos que fazem parte da festa, como As Noivas de Olinda, Confie na Sua Mulher se Quiser, Bloco Boneco Z\u00e9 Conquistador, Bloco \u00a0Segura a Cobra e Mam\u00e3e Passou A\u00e7uca em Mim.<\/p>\n<p>E em Olinda, foli\u00e3o que \u00e9 foli\u00e3o n\u00e3o aceita o fim do Carnaval. Ent\u00e3o, o Bloco L\u00edrico Eu Quero Mais criou, h\u00e1 17 anos, o Encontro de Blocos L\u00edricos, que acontece sempre no s\u00e1bado p\u00f3s-carnaval, o chamado S\u00e1bado de Cinzas. Ent\u00e3o, se voc\u00ea, por algum motivo, perdeu o Carnaval durante a semana, corre para Olinda que ainda h\u00e1 festa.<\/p>\n<div id=\"attachment_1317\" style=\"width: 650px\" class=\"wp-caption aligncenter\"><img loading=\"lazy\" decoding=\"async\" aria-describedby=\"caption-attachment-1317\" class=\"wp-image-1317 size-full\" src=\"https:\/\/www.guiaviagensbrasil.com\/blog\/wp-content\/uploads\/2015\/01\/foto-olinda-pernambuco-8010_640.jpg\" alt=\"Bonecos e decora\u00e7\u00f5es utilizadas no Carnaval de Olinda, em Pernambuco. Photograph by Ricardo Junior \/ www.ricardojuniorfotografias.com.br\" width=\"640\" height=\"427\" srcset=\"https:\/\/www.guiaviagensbrasil.com\/blog\/wp-content\/uploads\/2015\/01\/foto-olinda-pernambuco-8010_640.jpg 640w, https:\/\/www.guiaviagensbrasil.com\/blog\/wp-content\/uploads\/2015\/01\/foto-olinda-pernambuco-8010_640-300x200.jpg 300w\" sizes=\"auto, (max-width: 640px) 100vw, 640px\" \/><p id=\"caption-attachment-1317\" class=\"wp-caption-text\">Bonecos e decora\u00e7\u00f5es utilizadas no Carnaval de Olinda, em Pernambuco. <br \/> Photograph by Ricardo Junior \/ www.ricardojuniorfotografias.com.br<\/p><\/div>\n<h4>Links\u00a0relacionados<\/h4>\n<ul>\n<li><a title=\"Veja galeria de fotos de Olinda\" href=\"https:\/\/www.guiaviagensbrasil.com\/galerias\/pe\/fotos-de-olinda\/\" target=\"_blank\" rel=\"noopener\">Galeria de fotos de Olinda<\/a><\/li>\n<li><a title=\"Conhe\u00e7a mais sobre Olinda\" href=\"https:\/\/www.guiaviagensbrasil.com\/pe\/olinda\/\" target=\"_blank\" rel=\"noopener\">Conhe\u00e7a mais sobre Olinda, em Pernambuco<\/a><\/li>\n<\/ul>\n<p>&nbsp;<\/p>\n<h2><strong>S\u00e3o Luiz do Paraitinga<\/strong><\/h2>\n<p>A pequena cidade de S\u00e3o Luiz do Paraitinga, no interior de S\u00e3o Paulo, a 174 km a nordeste da capital, muda completamente o clima pacato do belo centro hist\u00f3rico na \u00e9poca do Carnaval. S\u00e3o Luiz do Paraitinga passa a ser sin\u00f4nimo do melhor Carnaval de Marchinhas do Brasil.<\/p>\n<p>O Carnaval das Marchinhas, como antigamente, atrai milhares de foli\u00f5es que lotam as pequenas e estreitas ruas e ladeiras da cidade e se divertem ao som das antigas ou novas marchinhas criadas pelos pr\u00f3prios moradores da cidade.<\/p>\n<p>O bloco mais conhecidos \u00e9 o Juca Teles, que sai pelas ruas no s\u00e1bado de Carnaval, sempre a partir do meio dia, acompanhado dos gigantes bonecos que desfilam nas passagens dos blocos.<\/p>\n<div id=\"attachment_1320\" style=\"width: 650px\" class=\"wp-caption aligncenter\"><img loading=\"lazy\" decoding=\"async\" aria-describedby=\"caption-attachment-1320\" class=\"wp-image-1320 size-full\" src=\"https:\/\/www.guiaviagensbrasil.com\/blog\/wp-content\/uploads\/2015\/01\/bonecos-sao-luiz-do-paraitinga-sp.jpg\" alt=\"Os bonecos gigantes ficam parados em frente \u00e0s lojas e ganham vida no Carnaval das Marchinhas, em S\u00e3o Luiz do Paraitinga, no interior de S\u00e3o Paulo. Photograph by Ricardo Junior \/ www.ricardojuniorfotografias.com.br\" width=\"640\" height=\"427\" srcset=\"https:\/\/www.guiaviagensbrasil.com\/blog\/wp-content\/uploads\/2015\/01\/bonecos-sao-luiz-do-paraitinga-sp.jpg 640w, https:\/\/www.guiaviagensbrasil.com\/blog\/wp-content\/uploads\/2015\/01\/bonecos-sao-luiz-do-paraitinga-sp-300x200.jpg 300w\" sizes=\"auto, (max-width: 640px) 100vw, 640px\" \/><p id=\"caption-attachment-1320\" class=\"wp-caption-text\">Os bonecos gigantes ficam parados em frente \u00e0s lojas e ganham vida no Carnaval das Marchinhas, em S\u00e3o Luiz do Paraitinga, no interior de S\u00e3o Paulo. <br \/> Photograph by Ricardo Junior \/ www.ricardojuniorfotografias.com.br<\/p><\/div>\n<h4>Links\u00a0relacionados<\/h4>\n<ul>\n<li><a title=\"Veja galeria de fotos de S\u00e3o Luiz de Paraitinga\" href=\"https:\/\/www.guiaviagensbrasil.com\/galerias\/sp\/fotos-sao-luiz-do-paraitinga\/\" target=\"_blank\" rel=\"noopener\">Galeria de fotos de S\u00e3o Luiz do Paraitinga<\/a><\/li>\n<li><a title=\"Conhe\u00e7a mais sobre S\u00e3o Luiz do Paraitinga, em S\u00e3o Paulo\" href=\"https:\/\/www.guiaviagensbrasil.com\/sp\/sao-luiz-do-paraitinga\/\" target=\"_blank\" rel=\"noopener\">Conhe\u00e7a mais sobre S\u00e3o Luiz do Paraitinga, em S\u00e3o Paulo<\/a><\/li>\n<\/ul>\n<p><strong>\u00a0<\/strong><\/p>\n<h2><strong>Manaus<\/strong><\/h2>\n<p>O Carnaboi \u00e9 a festa oficial de Manaus e mistura a folia do Carnaval com o Festival Folcl\u00f3rico de Parintins, que acontece em junho. As agremia\u00e7\u00f5es dos bois Caprichoso e Garantido fazem a folia das milhares de pessoas que acompanham a festa, sempre na segunda e ter\u00e7a-feira de Carnaval. Ao contr\u00e1rio do Festival de Parintis, no Carnaboi \u00e9 s\u00f3 folia e apresenta\u00e7\u00e3o, sem competi\u00e7\u00e3o entre os bois.<\/p>\n<p>Outra op\u00e7\u00e3o \u00e9 seguir a Banda Independente da Confraria do Armando \u2013 a Bica, criada por um grupo de amigos que frequentava o tradicional Bar do Armando, no centro de Manaus, e que j\u00e1 est\u00e1 na sua 28\u00aa edi\u00e7\u00e3o. A banda \u00e9 conhecida por marchinhas ir\u00f4nicas, que retratam casos pol\u00eamicos da hist\u00f3ria recente do Amazonas e sai no S\u00e1bado Magro, que antecede o Carnaval, neste ano dia 7 de fevereiro, sempre a partir do meio dia com concentra\u00e7\u00e3o em frente ao Bar do Armando.<\/p>\n<p>Outros blocos, como o Bloco do Eu Sozinho (Bar Brahma), das Piranhas (Samb\u00f3dromo) e Cauxi Eletrizado (Assinpa), fazem festa em locais determinados e com entrada paga.<\/p>\n<h4>Links\u00a0relacionados<\/h4>\n<ul>\n<li><a title=\"Conhe\u00e7a mais sobre Manaus, no Amazonas\" href=\"https:\/\/www.guiaviagensbrasil.com\/am\/manaus\/\" target=\"_blank\" rel=\"noopener\">Conhe\u00e7a mais sobre Manaus<\/a><\/li>\n<\/ul>\n<p>&nbsp;<\/p>\n<h2><strong>Porto Seguro<\/strong><\/h2>\n<p>O Carnaporto \u00e9 a festa de Porto Seguro, realizada na Arena Ax\u00e9 Moi, na Praia de Taperapuan, a mais famosa e badalada da cidade. A diferen\u00e7a \u00e9 a festa come\u00e7a na quarta-feira de Cinzas e termina na sexta-feira ap\u00f3s o Carnaval, ou seja, para quem quer prolongar a festa, Porto Seguro \u00e9 o destino.<\/p>\n<p>Contanto sempre com v\u00e1rios nomes famosos como Claudia Leitte, Mono Bloco, Cheiro de Amor, Eva, Avi\u00f5es do Forr\u00f3 e Bel Marques, o Carnaporto (www.carnaporto-axemoi.com.br)\u00a0tem op\u00e7\u00e3o de camarotes ou pistas, com abad\u00e1s a venda antecipadamente.<\/p>\n<p>E fora do Carnaporto h\u00e1 mais op\u00e7\u00f5es com os blocos locais, como o Empurrando o Jeep, que desfila a partir da Passarela do Descobrimento e as Bab\u00e1s, na Rua 13 de Maio. Al\u00e9m disso, Trancoso e Arraial D\u2019Ajuda tamb\u00e9m tem agito garantido pelos blocos de rua.<\/p>\n<div id=\"attachment_1321\" style=\"width: 650px\" class=\"wp-caption aligncenter\"><img loading=\"lazy\" decoding=\"async\" aria-describedby=\"caption-attachment-1321\" class=\"wp-image-1321 size-full\" src=\"https:\/\/www.guiaviagensbrasil.com\/blog\/wp-content\/uploads\/2015\/01\/foto-centro-historico-em-porto-seguro-bahia-6365_640.jpg\" alt=\"As casinhas coloridas do centro ajudam a colorir ainda mais o Carnaval de Porto Seguro, na Bahia. Photograph by Ricardo Junior \/ www.ricardojuniorfotografias.com.br\" width=\"640\" height=\"427\" srcset=\"https:\/\/www.guiaviagensbrasil.com\/blog\/wp-content\/uploads\/2015\/01\/foto-centro-historico-em-porto-seguro-bahia-6365_640.jpg 640w, https:\/\/www.guiaviagensbrasil.com\/blog\/wp-content\/uploads\/2015\/01\/foto-centro-historico-em-porto-seguro-bahia-6365_640-300x200.jpg 300w\" sizes=\"auto, (max-width: 640px) 100vw, 640px\" \/><p id=\"caption-attachment-1321\" class=\"wp-caption-text\">As casinhas coloridas do centro ajudam a colorir ainda mais o Carnaval de Porto Seguro, na Bahia. <br \/> Photograph by Ricardo Junior \/ www.ricardojuniorfotografias.com.br<strong>\u00a0<\/strong><\/p><\/div>\n<p><strong>Links\u00a0relacionados<\/strong><\/p>\n<ul>\n<li><a title=\"Veja galeria de fotos de Porto Seguro\" href=\"https:\/\/www.guiaviagensbrasil.com\/galerias\/ba\/fotos-porto-seguro\/\" target=\"_blank\" rel=\"noopener\">Galeria de fotos de Porto Seguro<\/a><\/li>\n<li><a title=\"Conhe\u00e7a mais sobre Porto Seguro, na Bahia\" href=\"https:\/\/www.guiaviagensbrasil.com\/ba\/porto-seguro\/\" target=\"_blank\" rel=\"noopener\">Conhe\u00e7a mais sobre Porto Seguro, na Bahia<\/a><\/li>\n<\/ul>\n<p>&nbsp;<\/p>\n<h2><strong>Ouro Preto<\/strong><\/h2>\n<p>Ouro Preto \u00e9 conhecida pelas suas v\u00e1rias rep\u00fablicas estudantis que promovem festas o ano todo. Mas, no Carnaval a festa aumenta e atrai foli\u00f5es do Brasil inteiro para o maior Carnaval Universit\u00e1rio do Pa\u00eds.<\/p>\n<p>O Carnaval Ouro Preto funciona da seguinte maneira: as rep\u00fablicas hospedam, patrocinam as festas e promovem toda folia com programa\u00e7\u00e3o diferenciada para os turistas. Al\u00e9m disso, os pacotes a venda oferecem bebida liberada, caf\u00e9 da manh\u00e3, almo\u00e7o, show e muitas atra\u00e7\u00f5es nas festas tem\u00e1ticas e blocos de rua. As mais famosas rep\u00fablicas s\u00e3o: Caxotinho, Confraria, Tira M\u00e1goa, Hosp\u00edcio, M\u00f3icana, CasaBlanca, Sparta, Castelo, \u00c1rea 51, Calamidade P\u00fablica e Trem de Doido e Maternidade. Entretanto, s\u00e3o quase 300 rep\u00fablicas que fazem algum tipo de festa em Ouro Preto. Escolher fica dif\u00edcil.<\/p>\n<p>Al\u00e9m disso, na Pra\u00e7a Tiradentes, o desfile das Escolas de Samba de Ouro Preto \u00e9 outro momento importante do Carnaval na cidade(www.carnavalouropreto.com), unindo turistas e moradores locais com muita divers\u00e3o e folia.<\/p>\n<div id=\"attachment_1318\" style=\"width: 650px\" class=\"wp-caption aligncenter\"><img loading=\"lazy\" decoding=\"async\" aria-describedby=\"caption-attachment-1318\" class=\"wp-image-1318 size-full\" src=\"https:\/\/www.guiaviagensbrasil.com\/blog\/wp-content\/uploads\/2015\/01\/foto-centro-historico-de-ouro-preto-mg-0265_640.jpg\" alt=\"As ladeiras do centro hist\u00f3rico de Ouro Preto s\u00e3o invadidas por milhares de foli\u00f5es do Carnaval Universit\u00e1rio das Rep\u00fablicas. Photograph by Ricardo Junior \/ www.ricardojuniorfotografias.com.br\" width=\"640\" height=\"427\" srcset=\"https:\/\/www.guiaviagensbrasil.com\/blog\/wp-content\/uploads\/2015\/01\/foto-centro-historico-de-ouro-preto-mg-0265_640.jpg 640w, https:\/\/www.guiaviagensbrasil.com\/blog\/wp-content\/uploads\/2015\/01\/foto-centro-historico-de-ouro-preto-mg-0265_640-300x200.jpg 300w\" sizes=\"auto, (max-width: 640px) 100vw, 640px\" \/><p id=\"caption-attachment-1318\" class=\"wp-caption-text\">As ladeiras do centro hist\u00f3rico de Ouro Preto s\u00e3o invadidas por milhares de foli\u00f5es do Carnaval Universit\u00e1rio das Rep\u00fablicas. <br \/> Photograph by Ricardo Junior \/ www.ricardojuniorfotografias.com.br<\/p><\/div>\n<p><strong>Links\u00a0relacionados<\/strong><\/p>\n<ul>\n<li><a title=\"Veja galeria de fotos de Ouro Preto\" href=\"https:\/\/www.guiaviagensbrasil.com\/galerias\/mg\/fotos-de-ouro-preto\/\" target=\"_blank\" rel=\"noopener\">Galeria de fotos de Ouro Preto<\/a><\/li>\n<li><a title=\"Conhe\u00e7a mais sobre Ouro Preto, em Minas Gerais\" href=\"https:\/\/www.guiaviagensbrasil.com\/mg\/ouro-preto\/\" target=\"_blank\" rel=\"noopener\">Conhe\u00e7a mais sobre Ouro Preto, em Minas Gerais<\/a><\/li>\n<\/ul>\n<p>&nbsp;<\/p>\n<h2><strong>Diamantina<\/strong><\/h2>\n<p>O maior e mais tradicional Carnaval de Rua de Minas Gerais fica em Diamantina, a cidade que re\u00fane muita hist\u00f3ria e em fevereiro, grande divers\u00e3o na \u00e1rea tombada como Patrim\u00f4nio Cultural Nacional pelo Instituto do Patrim\u00f4nio Hist\u00f3rico e Art\u00edstico Nacional (IPHAN).<\/p>\n<p>Tradi\u00e7\u00e3o e anima\u00e7\u00e3o ganham vida nos blocos caricatos que saem de diferentes pontos da cidade puxando uma multid\u00e3o. Bat Caverna e Batucada s\u00e3o os dois mais famosos.<\/p>\n<p>Al\u00e9m disso, um enorme palco montado no Mercado Velho possui v\u00e1rias apresenta\u00e7\u00f5es ecl\u00e9ticas distribu\u00eddas em 5 dias de folia, como Samb\u00f4, Jota Quest, Biquini Cavad\u00e3o, Inimigos da HP e Wilson Sideral. Op\u00e7\u00f5es para todos os gostos no Carnaval de Diamantina(www.carnadiamantina.com.br), no interior de Minas Gerais.<\/p>\n<p><strong>Links\u00a0relacionados<\/strong><\/p>\n<ul>\n<li><a title=\"Conhe\u00e7a mais sobre Diamantina, em Minas Gerais\" href=\"https:\/\/www.guiaviagensbrasil.com\/mg\/diamantina\/\" target=\"_blank\" rel=\"noopener\">Conhe\u00e7a mais sobre Diamantina, em Minas Gerais<\/a><\/li>\n<\/ul>\n","protected":false},"excerpt":{"rendered":"<p>O Carnaval \u00e9 a cara do Brasil: sin\u00f4nimo de alegria, folia, divers\u00e3o e, claro, viagem! E voc\u00ea j\u00e1 decidiu onde passar o feriado e aproveitar ao m\u00e1ximo a festa do Rei Momo? De norte ao sul do pa\u00eds existem ritmos e estilos que comandam diferentes festas, do ax\u00e9 dos trios el\u00e9tricos e marchinhas pelas ruas, [&hellip;]<\/p>\n","protected":false},"author":4,"featured_media":1237,"comment_status":"open","ping_status":"open","sticky":false,"template":"","format":"standard","meta":{"footnotes":""},"categories":[237],"tags":[182],"class_list":["post-1313","post","type-post","status-publish","format-standard","has-post-thumbnail","hentry","category-carnaval","tag-brasil"],"aioseo_notices":[],"_links":{"self":[{"href":"https:\/\/www.guiaviagensbrasil.com\/blog\/wp-json\/wp\/v2\/posts\/1313","targetHints":{"allow":["GET"]}}],"collection":[{"href":"https:\/\/www.guiaviagensbrasil.com\/blog\/wp-json\/wp\/v2\/posts"}],"about":[{"href":"https:\/\/www.guiaviagensbrasil.com\/blog\/wp-json\/wp\/v2\/types\/post"}],"author":[{"embeddable":true,"href":"https:\/\/www.guiaviagensbrasil.com\/blog\/wp-json\/wp\/v2\/users\/4"}],"replies":[{"embeddable":true,"href":"https:\/\/www.guiaviagensbrasil.com\/blog\/wp-json\/wp\/v2\/comments?post=1313"}],"version-history":[{"count":2,"href":"https:\/\/www.guiaviagensbrasil.com\/blog\/wp-json\/wp\/v2\/posts\/1313\/revisions"}],"predecessor-version":[{"id":7382,"href":"https:\/\/www.guiaviagensbrasil.com\/blog\/wp-json\/wp\/v2\/posts\/1313\/revisions\/7382"}],"wp:featuredmedia":[{"embeddable":true,"href":"https:\/\/www.guiaviagensbrasil.com\/blog\/wp-json\/wp\/v2\/media\/1237"}],"wp:attachment":[{"href":"https:\/\/www.guiaviagensbrasil.com\/blog\/wp-json\/wp\/v2\/media?parent=1313"}],"wp:term":[{"taxonomy":"category","embeddable":true,"href":"https:\/\/www.guiaviagensbrasil.com\/blog\/wp-json\/wp\/v2\/categories?post=1313"},{"taxonomy":"post_tag","embeddable":true,"href":"https:\/\/www.guiaviagensbrasil.com\/blog\/wp-json\/wp\/v2\/tags?post=1313"}],"curies":[{"name":"wp","href":"https:\/\/api.w.org\/{rel}","templated":true}]}}